{"id":11142,"date":"2024-10-17T14:17:49","date_gmt":"2024-10-17T20:17:49","guid":{"rendered":"https:\/\/zonalimitrofe-cbnr.com\/?p=11142"},"modified":"2024-10-17T14:17:49","modified_gmt":"2024-10-17T20:17:49","slug":"lerdo-realizan-fumigacion-contra-el-dengue-en-el-parque-victoria","status":"publish","type":"post","link":"https:\/\/zonalimitrofe-cbnr.com\/index.php\/2024\/10\/17\/lerdo-realizan-fumigacion-contra-el-dengue-en-el-parque-victoria\/","title":{"rendered":"#Lerdo. REALIZAN FUMIGACI\u00d3N CONTRA EL DENGUE EN EL PARQUE VICTORIA*"},"content":{"rendered":"\n<p>Lerdo, 17 de octubre 2024.- Por instrucciones del Presidente Municipal Homero Mart\u00ednez Cabrera, se llev\u00f3 a cabo una jornada de fumigaci\u00f3n en el Parque Victoria con el objetivo de combatir al mosquito transmisor del dengue. Esta acci\u00f3n fue encabezada por el Departamento de Prevenci\u00f3n Social.<\/p>\n\n\n\n<p>Roberto Carlos Calder\u00f3n, jefe del departamento de Prevenci\u00f3n Social, destac\u00f3 que esta actividad forma parte de un esfuerzo continuo que ya se ha implementado en diferentes sectores de la ciudad. El prop\u00f3sito es prevenir la proliferaci\u00f3n del mosquito y proteger la salud de la ciudadan\u00eda que acude diariamente a este espacio de recreaci\u00f3n.<\/p>\n\n\n\n<p>Adem\u00e1s, la Direcci\u00f3n de Servicios P\u00fablicos inform\u00f3 que se realizan de manera constante trabajos de poda, deshierbe, limpieza y recolecci\u00f3n de basura en el Parque Victoria. Estas acciones son consideradas estrat\u00e9gicas, por la naturaleza h\u00fameda de este espacio.<\/p>\n\n\n\n<p>Ambas dependencias hicieron un llamado a la ciudadan\u00eda para evitar tirar basura en \u00e1reas p\u00fablicas, ya que esto contribuye a la formaci\u00f3n de criaderos de mosquitos, lo que representar\u00eda un riesgo para la salud p\u00fablica.<\/p>\n","protected":false},"excerpt":{"rendered":"<p>Lerdo, 17 de octubre 2024.- Por instrucciones del Presidente Municipal Homero Mart\u00ednez Cabrera, se llev\u00f3 a cabo una jornada de fumigaci\u00f3n en el Parque Victoria con el objetivo de combatir al mosquito transmisor del dengue. Esta acci\u00f3n fue encabezada por el Departamento de Prevenci\u00f3n Social. Roberto Carlos Calder\u00f3n, jefe del departamento de Prevenci\u00f3n Social, destac\u00f3 [&hellip;]<\/p>\n","protected":false},"author":1,"featured_media":11143,"comment_status":"open","ping_status":"open","sticky":false,"template":"","format":"standard","meta":{"_monsterinsights_skip_tracking":false,"_monsterinsights_sitenote_active":false,"_monsterinsights_sitenote_note":"","_monsterinsights_sitenote_category":0,"footnotes":""},"categories":[1],"tags":[],"_links":{"self":[{"href":"https:\/\/zonalimitrofe-cbnr.com\/index.php\/wp-json\/wp\/v2\/posts\/11142"}],"collection":[{"href":"https:\/\/zonalimitrofe-cbnr.com\/index.php\/wp-json\/wp\/v2\/posts"}],"about":[{"href":"https:\/\/zonalimitrofe-cbnr.com\/index.php\/wp-json\/wp\/v2\/types\/post"}],"author":[{"embeddable":true,"href":"https:\/\/zonalimitrofe-cbnr.com\/index.php\/wp-json\/wp\/v2\/users\/1"}],"replies":[{"embeddable":true,"href":"https:\/\/zonalimitrofe-cbnr.com\/index.php\/wp-json\/wp\/v2\/comments?post=11142"}],"version-history":[{"count":1,"href":"https:\/\/zonalimitrofe-cbnr.com\/index.php\/wp-json\/wp\/v2\/posts\/11142\/revisions"}],"predecessor-version":[{"id":11144,"href":"https:\/\/zonalimitrofe-cbnr.com\/index.php\/wp-json\/wp\/v2\/posts\/11142\/revisions\/11144"}],"wp:featuredmedia":[{"embeddable":true,"href":"https:\/\/zonalimitrofe-cbnr.com\/index.php\/wp-json\/wp\/v2\/media\/11143"}],"wp:attachment":[{"href":"https:\/\/zonalimitrofe-cbnr.com\/index.php\/wp-json\/wp\/v2\/media?parent=11142"}],"wp:term":[{"taxonomy":"category","embeddable":true,"href":"https:\/\/zonalimitrofe-cbnr.com\/index.php\/wp-json\/wp\/v2\/categories?post=11142"},{"taxonomy":"post_tag","embeddable":true,"href":"https:\/\/zonalimitrofe-cbnr.com\/index.php\/wp-json\/wp\/v2\/tags?post=11142"}],"curies":[{"name":"wp","href":"https:\/\/api.w.org\/{rel}","templated":true}]}}