{"id":11136,"date":"2024-10-17T14:13:58","date_gmt":"2024-10-17T20:13:58","guid":{"rendered":"https:\/\/zonalimitrofe-cbnr.com\/?p=11136"},"modified":"2024-10-17T14:13:58","modified_gmt":"2024-10-17T20:13:58","slug":"uadec-anuncian-feria-de-empleo-y-practicas-profesionales-en-la-uadec-unidad-laguna","status":"publish","type":"post","link":"https:\/\/zonalimitrofe-cbnr.com\/index.php\/2024\/10\/17\/uadec-anuncian-feria-de-empleo-y-practicas-profesionales-en-la-uadec-unidad-laguna\/","title":{"rendered":"#UAdeC. Anuncian Feria de Empleo y Pr\u00e1cticas Profesionales en la UAdeC Unidad Laguna"},"content":{"rendered":"\n<p>TORRE\u00d3N, Coahuila. 17 de octubre de 2024. La Universidad Aut\u00f3noma de Coahuila a trav\u00e9s la Coordinaci\u00f3n General de Vinculaci\u00f3n e Innovaci\u00f3n Productiva y la Coordinaci\u00f3n Unidad Laguna, anunci\u00f3 la Feria de Empleo y Pr\u00e1cticas Profesionales UAdeC, que se realizar\u00e1 el 23 de octubre de 2024 en el Centro Cultural \u201cBraulio Fern\u00e1ndez Aguirre\u201d de Ciudad Universitaria Campus Torre\u00f3n.<\/p>\n\n\n\n<p>En conferencia de prensa, la coordinadora de Unidad Laguna, Sandra L\u00f3pez Chavarr\u00eda, el jefe de Vinculaci\u00f3n, Ramiro Navarro Rosales y la responsable de Pr\u00e1cticas Profesionales en la Unidad Laguna, Ver\u00f3nica L\u00f3pez, compartieron que el evento est\u00e1 dirigido a estudiantes y egresados de la m\u00e1xima casa de estudios.<\/p>\n\n\n\n<p>La coordinadora de UL, Sandra L\u00f3pez Chavarr\u00eda, se\u00f1al\u00f3 que la finalidad es acercar a la comunidad estudiantil a diversas opciones de pr\u00e1ctica profesional, as\u00ed como a oportunidades laborales para los egresados a nivel profesional de la Universidad, vinculando al mercado laboral regional, nacional e internacional, en una jornada de contacto directo con las empresas.<\/p>\n\n\n\n<p>Agreg\u00f3 que, la vinculaci\u00f3n entre la academia y el mundo laboral es esencial para preparar a la comunidad universitaria ante los desaf\u00edos del futuro, por lo que esta feria representa una suma de esfuerzos entre la Coordinaci\u00f3n General de Vinculaci\u00f3n e Innovaci\u00f3n Productiva, la Unidad Laguna y el sector empresarial.<\/p>\n\n\n\n<p>La Feria de Empleo UAdeC se llevar\u00e1 a cabo el mi\u00e9rcoles 23 de octubre en el Lobby del Centro Cultural Universitario \u201cBraulio Fern\u00e1ndez Aguirre\u201d, en un horario de 10:00 a 13:00 horas, se contar\u00e1 con la participaci\u00f3n de 20 empresas u organizaciones, como: Borwagner, Hospital UMA Andaluc\u00eda, CANACINTRA, LALA, Kone, Grupo Modelo, entre otras.<\/p>\n\n\n\n<p>Cabe destacar que a\u00fan est\u00e1 abierto el registro para las empresas que quieran participar, y pueden hacerlo a trav\u00e9s de los correos velopezc@uadec.edu.mx y ramiro.navarro@uadec.edu.mx o al tel\u00e9fono (871) 729 32 21.<\/p>\n\n\n\n<p>El registro para los estudiantes, estar\u00e1 disponible en el link o c\u00f3digo QR que se difundir\u00e1 a trav\u00e9s del Facebook Coordinaci\u00f3n Unidad Laguna UAdeC e Instagram Unidad Laguna; Se recomienda que el d\u00eda del evento lleven curr\u00edculum vitae para presentarlo en los distintos stands.<\/p>\n","protected":false},"excerpt":{"rendered":"<p>TORRE\u00d3N, Coahuila. 17 de octubre de 2024. La Universidad Aut\u00f3noma de Coahuila a trav\u00e9s la Coordinaci\u00f3n General de Vinculaci\u00f3n e Innovaci\u00f3n Productiva y la Coordinaci\u00f3n Unidad Laguna, anunci\u00f3 la Feria de Empleo y Pr\u00e1cticas Profesionales UAdeC, que se realizar\u00e1 el 23 de octubre de 2024 en el Centro Cultural \u201cBraulio Fern\u00e1ndez Aguirre\u201d de Ciudad Universitaria [&hellip;]<\/p>\n","protected":false},"author":1,"featured_media":11137,"comment_status":"open","ping_status":"open","sticky":false,"template":"","format":"standard","meta":{"_monsterinsights_skip_tracking":false,"_monsterinsights_sitenote_active":false,"_monsterinsights_sitenote_note":"","_monsterinsights_sitenote_category":0,"footnotes":""},"categories":[1],"tags":[],"_links":{"self":[{"href":"https:\/\/zonalimitrofe-cbnr.com\/index.php\/wp-json\/wp\/v2\/posts\/11136"}],"collection":[{"href":"https:\/\/zonalimitrofe-cbnr.com\/index.php\/wp-json\/wp\/v2\/posts"}],"about":[{"href":"https:\/\/zonalimitrofe-cbnr.com\/index.php\/wp-json\/wp\/v2\/types\/post"}],"author":[{"embeddable":true,"href":"https:\/\/zonalimitrofe-cbnr.com\/index.php\/wp-json\/wp\/v2\/users\/1"}],"replies":[{"embeddable":true,"href":"https:\/\/zonalimitrofe-cbnr.com\/index.php\/wp-json\/wp\/v2\/comments?post=11136"}],"version-history":[{"count":1,"href":"https:\/\/zonalimitrofe-cbnr.com\/index.php\/wp-json\/wp\/v2\/posts\/11136\/revisions"}],"predecessor-version":[{"id":11138,"href":"https:\/\/zonalimitrofe-cbnr.com\/index.php\/wp-json\/wp\/v2\/posts\/11136\/revisions\/11138"}],"wp:featuredmedia":[{"embeddable":true,"href":"https:\/\/zonalimitrofe-cbnr.com\/index.php\/wp-json\/wp\/v2\/media\/11137"}],"wp:attachment":[{"href":"https:\/\/zonalimitrofe-cbnr.com\/index.php\/wp-json\/wp\/v2\/media?parent=11136"}],"wp:term":[{"taxonomy":"category","embeddable":true,"href":"https:\/\/zonalimitrofe-cbnr.com\/index.php\/wp-json\/wp\/v2\/categories?post=11136"},{"taxonomy":"post_tag","embeddable":true,"href":"https:\/\/zonalimitrofe-cbnr.com\/index.php\/wp-json\/wp\/v2\/tags?post=11136"}],"curies":[{"name":"wp","href":"https:\/\/api.w.org\/{rel}","templated":true}]}}