{"id":11111,"date":"2024-10-16T16:43:30","date_gmt":"2024-10-16T22:43:30","guid":{"rendered":"https:\/\/zonalimitrofe-cbnr.com\/?p=11111"},"modified":"2024-10-16T16:43:31","modified_gmt":"2024-10-16T22:43:31","slug":"durango-refuerza-esteban-acciones-contra-el-dengue-en-la-laguna","status":"publish","type":"post","link":"https:\/\/zonalimitrofe-cbnr.com\/index.php\/2024\/10\/16\/durango-refuerza-esteban-acciones-contra-el-dengue-en-la-laguna\/","title":{"rendered":"#Durango. Refuerza Esteban acciones contra el Dengue en La Laguna*"},"content":{"rendered":"\n<ul>\n<li><em>Se beneficiar\u00e1n 480 colonias y 146 ejidos de la regi\u00f3n donde se fumigar\u00e1 contra esta plaga.<\/em><\/li>\n<\/ul>\n\n\n\n<p>El Gobierno del Estado a trav\u00e9s de la Secretar\u00eda de Salud, puso en marcha la jornada de Refuerzo contra el Dengue en La Laguna, la cual, incluye trabajo en conjunto con municipios e iniciativa privada para el abate y la detecci\u00f3n en la Regi\u00f3n.<\/p>\n\n\n\n<p>Al dar el banderazo para que inicien las acciones, el gobernador Esteban Villegas Villarreal dijo que con esta campa\u00f1a se logra hacer un frente com\u00fan y reforzar los trabajos contra el mosquito transmisor del dengue, en el que se unir\u00e1n todos los sectores de la poblaci\u00f3n para contribuir a ampliar la cobertura.<\/p>\n\n\n\n<p>&#8220;Van a ser beneficiadas alrededor de 540 mil personas, tanto en G\u00f3mez Palacio como en Lerdo, es una muy buena cobertura y vamos a entrarle con todo porque desgraciadamente ahora el dengue est\u00e1 creciendo y ya tenemos dengue hemorr\u00e1gico y eso hay que prevenirlo&#8221;, mencion\u00f3 el mandatario estatal.<\/p>\n\n\n\n<p>En las brigadas participar\u00e1n 74 veh\u00edculos por parte del gabinete regi\u00f3n Laguna, de los municipios de G\u00f3mez Palacio, Lerdo y la C\u00e1mara Nacional de la Industria de Transformaci\u00f3n (CANACINTRA) y Organizaciones no Gubernamentales; a trav\u00e9s de ellas se beneficiar\u00e1n 480 colonias y 146 ejidos de la Laguna donde fumigar\u00e1n contra esta plaga.<\/p>\n\n\n\n<p>Por su parte, la alcaldesa de G\u00f3mez Palacio, Leticia Herrera Ale hizo un reconocimiento a la Jurisdicci\u00f3n Sanitaria No. 2 y agradeci\u00f3 la atenci\u00f3n brindada a la poblaci\u00f3n para la prevenci\u00f3n contra la proliferaci\u00f3n del dengue.<\/p>\n\n\n\n<p>&#8220;En la Jurisdicci\u00f3n han estado dando la atenci\u00f3n que se necesita y que se requiere para lo del dengue. Gracias, se\u00f1or Gobernador, porque sin el apoyo de usted esto no es posible. Bienvenido a G\u00f3mez Palacio&#8221;, apunt\u00f3 la presidenta municipal.<\/p>\n\n\n\n<p>En este arranque estuvieron presentes el secretario de Educaci\u00f3n del Gobierno del Estado de Durango, Guillermo Adame Calder\u00f3n; el director de Salud P\u00fablica de la Secretaria de Salud, Alfonso Guti\u00e9rrez Rocha; el presidente municipal de Lerdo, Homero Martinez Cabrera; el director de la Jurisdicci\u00f3n Sanitaria No. 2 Luis Fernando Olvera Mart\u00ednez; el subsecretario de Gobierno en la regi\u00f3n Laguna, Ra\u00fal Meraz Ram\u00edrez, entre otras autoridades municipales.<\/p>\n","protected":false},"excerpt":{"rendered":"<p>El Gobierno del Estado a trav\u00e9s de la Secretar\u00eda de Salud, puso en marcha la jornada de Refuerzo contra el Dengue en La Laguna, la cual, incluye trabajo en conjunto con municipios e iniciativa privada para el abate y la detecci\u00f3n en la Regi\u00f3n. Al dar el banderazo para que inicien las acciones, el gobernador [&hellip;]<\/p>\n","protected":false},"author":1,"featured_media":11112,"comment_status":"open","ping_status":"open","sticky":false,"template":"","format":"standard","meta":{"_monsterinsights_skip_tracking":false,"_monsterinsights_sitenote_active":false,"_monsterinsights_sitenote_note":"","_monsterinsights_sitenote_category":0,"footnotes":""},"categories":[1],"tags":[],"_links":{"self":[{"href":"https:\/\/zonalimitrofe-cbnr.com\/index.php\/wp-json\/wp\/v2\/posts\/11111"}],"collection":[{"href":"https:\/\/zonalimitrofe-cbnr.com\/index.php\/wp-json\/wp\/v2\/posts"}],"about":[{"href":"https:\/\/zonalimitrofe-cbnr.com\/index.php\/wp-json\/wp\/v2\/types\/post"}],"author":[{"embeddable":true,"href":"https:\/\/zonalimitrofe-cbnr.com\/index.php\/wp-json\/wp\/v2\/users\/1"}],"replies":[{"embeddable":true,"href":"https:\/\/zonalimitrofe-cbnr.com\/index.php\/wp-json\/wp\/v2\/comments?post=11111"}],"version-history":[{"count":1,"href":"https:\/\/zonalimitrofe-cbnr.com\/index.php\/wp-json\/wp\/v2\/posts\/11111\/revisions"}],"predecessor-version":[{"id":11113,"href":"https:\/\/zonalimitrofe-cbnr.com\/index.php\/wp-json\/wp\/v2\/posts\/11111\/revisions\/11113"}],"wp:featuredmedia":[{"embeddable":true,"href":"https:\/\/zonalimitrofe-cbnr.com\/index.php\/wp-json\/wp\/v2\/media\/11112"}],"wp:attachment":[{"href":"https:\/\/zonalimitrofe-cbnr.com\/index.php\/wp-json\/wp\/v2\/media?parent=11111"}],"wp:term":[{"taxonomy":"category","embeddable":true,"href":"https:\/\/zonalimitrofe-cbnr.com\/index.php\/wp-json\/wp\/v2\/categories?post=11111"},{"taxonomy":"post_tag","embeddable":true,"href":"https:\/\/zonalimitrofe-cbnr.com\/index.php\/wp-json\/wp\/v2\/tags?post=11111"}],"curies":[{"name":"wp","href":"https:\/\/api.w.org\/{rel}","templated":true}]}}