{"id":11102,"date":"2024-10-16T16:35:59","date_gmt":"2024-10-16T22:35:59","guid":{"rendered":"https:\/\/zonalimitrofe-cbnr.com\/?p=11102"},"modified":"2024-10-16T16:35:59","modified_gmt":"2024-10-16T22:35:59","slug":"lerdo-acompana-hmc-a-evv-en-banderazo-de-refuerzo-combate-contra-el-dengue","status":"publish","type":"post","link":"https:\/\/zonalimitrofe-cbnr.com\/index.php\/2024\/10\/16\/lerdo-acompana-hmc-a-evv-en-banderazo-de-refuerzo-combate-contra-el-dengue\/","title":{"rendered":"#Lerdo. ACOMPA\u00d1A HMC A EVV EN BANDERAZO DE REFUERZO &#8216;COMBATE CONTRA EL DENGUE&#8217;*"},"content":{"rendered":"\n<p>16 de octubre 2024.- El Presidente Municipal de Lerdo, Durango Homero Mart\u00ednez Cabrera acompa\u00f1\u00f3 este mi\u00e9rcoles al Gobernador del Estado Esteban Villegas Villarreal en el banderazo de refuerzo del &#8220;Combate contra el Dengue&#8221;, que tuvo lugar en la explanada de la Expo Feria de G\u00f3mez Palacio. Se cont\u00f3 con la anfitriona de la presidenta municipal de G\u00f3mez Palacio, Leticia Herrera Ale.<\/p>\n\n\n\n<p>Ante el aumento gradual de casos por picaduras del mosquito Aedes aegypti, transmisor del dengue, las autoridades de ambos municipios se suman a la iniciativa de Esteban Villegas para reforzar las acciones de la mano con la Secretar\u00eda de Salud Jurisdicci\u00f3n Sanitaria y Vectores, a trav\u00e9s de entrega de abate, detecci\u00f3n de larva y nebulizaci\u00f3n en la Regi\u00f3n Laguna.<\/p>\n\n\n\n<p>El Gobernador Esteban Villegas, dio a conocer que son 74 veh\u00edculos del Gabinete estatal de la Laguna, Lerdo, G\u00f3mez Palacio, CANACINTRA y CNC los que atender\u00e1n la brigada, llegando a 480 colonias y 146 ejidos para fumigar contra el dengue, con personal capacitado en brigadas, y en beneficio de 540 mil personas.<\/p>\n\n\n\n<p>\u201cEs una tarea de todos, no solamente del Gobierno, se requiere tambi\u00e9n la participaci\u00f3n de la gente\u201dVillegas Villarreal exhort\u00f3 a la ciudadan\u00eda para limpiar sus domicilios y deshacerse de cacharros que puedan almacenar agua, y donde pueda generarse un criadero de mosquitos.<\/p>\n\n\n\n<p>Luego de que las autoridades dieran el arranque, los veh\u00edculos iniciaron con la jornada de nebulizaci\u00f3n, cabe se\u00f1alar que adem\u00e1s del personal de la Secretar\u00eda de Salud y Jurisdicci\u00f3n Sanitaria N\u00b0 2, particip\u00f3 el particular de Salud Municipal y Prevenci\u00f3n Social de Lerdo y G\u00f3mez Palacio.<\/p>\n\n\n\n<p>Cabe destacar que el Municipio de Lerdo dio inicio a las acciones en la zona urbana el mes de agosto, y arranc\u00f3 con la campa\u00f1a \u201cTodos contra el dengue\u201d en la zona rural en el mes de septiembre, visitando escuelas y domicilios para impartir pl\u00e1ticas respecto a la importancia de protegerse contra este mosquito transmisor del dengue.<\/p>\n\n\n\n<p>As\u00ed mismo, llevando pastillas de abate y coloc\u00e1ndolas en tinacos, tambos o lugares estrat\u00e9gicos, y fumigando sitios p\u00fablicos como plazas, parques, instituciones de gobierno y educativas, coordinadamente con la Jurisdicci\u00f3n Sanitaria N\u00b0 2.<\/p>\n","protected":false},"excerpt":{"rendered":"<p>16 de octubre 2024.- El Presidente Municipal de Lerdo, Durango Homero Mart\u00ednez Cabrera acompa\u00f1\u00f3 este mi\u00e9rcoles al Gobernador del Estado Esteban Villegas Villarreal en el banderazo de refuerzo del &#8220;Combate contra el Dengue&#8221;, que tuvo lugar en la explanada de la Expo Feria de G\u00f3mez Palacio. Se cont\u00f3 con la anfitriona de la presidenta municipal [&hellip;]<\/p>\n","protected":false},"author":1,"featured_media":11103,"comment_status":"open","ping_status":"open","sticky":false,"template":"","format":"standard","meta":{"_monsterinsights_skip_tracking":false,"_monsterinsights_sitenote_active":false,"_monsterinsights_sitenote_note":"","_monsterinsights_sitenote_category":0,"footnotes":""},"categories":[1],"tags":[],"_links":{"self":[{"href":"https:\/\/zonalimitrofe-cbnr.com\/index.php\/wp-json\/wp\/v2\/posts\/11102"}],"collection":[{"href":"https:\/\/zonalimitrofe-cbnr.com\/index.php\/wp-json\/wp\/v2\/posts"}],"about":[{"href":"https:\/\/zonalimitrofe-cbnr.com\/index.php\/wp-json\/wp\/v2\/types\/post"}],"author":[{"embeddable":true,"href":"https:\/\/zonalimitrofe-cbnr.com\/index.php\/wp-json\/wp\/v2\/users\/1"}],"replies":[{"embeddable":true,"href":"https:\/\/zonalimitrofe-cbnr.com\/index.php\/wp-json\/wp\/v2\/comments?post=11102"}],"version-history":[{"count":1,"href":"https:\/\/zonalimitrofe-cbnr.com\/index.php\/wp-json\/wp\/v2\/posts\/11102\/revisions"}],"predecessor-version":[{"id":11104,"href":"https:\/\/zonalimitrofe-cbnr.com\/index.php\/wp-json\/wp\/v2\/posts\/11102\/revisions\/11104"}],"wp:featuredmedia":[{"embeddable":true,"href":"https:\/\/zonalimitrofe-cbnr.com\/index.php\/wp-json\/wp\/v2\/media\/11103"}],"wp:attachment":[{"href":"https:\/\/zonalimitrofe-cbnr.com\/index.php\/wp-json\/wp\/v2\/media?parent=11102"}],"wp:term":[{"taxonomy":"category","embeddable":true,"href":"https:\/\/zonalimitrofe-cbnr.com\/index.php\/wp-json\/wp\/v2\/categories?post=11102"},{"taxonomy":"post_tag","embeddable":true,"href":"https:\/\/zonalimitrofe-cbnr.com\/index.php\/wp-json\/wp\/v2\/tags?post=11102"}],"curies":[{"name":"wp","href":"https:\/\/api.w.org\/{rel}","templated":true}]}}