{"id":11075,"date":"2024-10-16T16:13:29","date_gmt":"2024-10-16T22:13:29","guid":{"rendered":"https:\/\/zonalimitrofe-cbnr.com\/?p=11075"},"modified":"2024-10-16T16:13:29","modified_gmt":"2024-10-16T22:13:29","slug":"durango-transforma-esteban-manera-de-educar-en-durango-inicia-segunda-entrega-de-aulas-digitales","status":"publish","type":"post","link":"https:\/\/zonalimitrofe-cbnr.com\/index.php\/2024\/10\/16\/durango-transforma-esteban-manera-de-educar-en-durango-inicia-segunda-entrega-de-aulas-digitales\/","title":{"rendered":"#Durango. Transforma Esteban manera de Educar en Durango; inicia segunda entrega de \u201cAulas Digitales\u201d*"},"content":{"rendered":"\n<ul>\n<li><em>Con herramientas innovadoras y de f\u00e1cil acceso para instalarse en computadoras y desde el celular, alumnos cuentan ya con educaci\u00f3n integral.<\/em><\/li>\n\n\n\n<li><em>\u201cEs una muestra del firme compromiso del Gobernador con la educaci\u00f3n de calidad y a la vanguardia\u201d: Lety Herrera, alcaldesa de G\u00f3mez Palacio.<\/em><\/li>\n\n\n\n<li><em>En el evento se hizo una demostraci\u00f3n del funcionamiento del aula interactiva digital.<\/em><\/li>\n<\/ul>\n\n\n\n<p>En Durango se transforma la manera de educar a los ni\u00f1os y j\u00f3venes, es un cambio que ya se est\u00e1 dando en la vida de los estudiantes y de los maestros, con una forma diferente de ense\u00f1ar, asegur\u00f3 el gobernador Esteban Villegas Villarreal, durante la entrega de la segunda etapa de \u201cAulas Digitales\u201d en la Regi\u00f3n Laguna.<\/p>\n\n\n\n<p>\u201cEl a\u00f1o pasado dotamos de casi 900 Aulas Digitales, en esta segunda etapa van otras 500 y nos vamos a ir as\u00ed a\u00f1o con a\u00f1o para cubrir lo m\u00e1s que se pueda en educaci\u00f3n primaria y preparatoria que es en donde se requiere m\u00e1s\u201d, apunt\u00f3 el Mandatario Estatal, al explicar que para este programa no se necesita internet y que se puede utilizar en cualquier sal\u00f3n de clases, con el proyector y un l\u00e1ser, se refleja una pantalla gigante en la pared donde los docentes podr\u00e1n realizar diversas actividades interactivas.<\/p>\n\n\n\n<p>Indic\u00f3 que, por parte del Secretario de Educaci\u00f3n, Guillermo Adame y V\u00edctor Fernel Guzm\u00e1n Arviz\u00fa, director de EDUCAV, se llevan a cabo las capacitaciones a los maestros, para que puedan sacarle el mayor provecho a estas aulas que vienen a generar un nuevo modelo de educaci\u00f3n, en donde podr\u00e1n aprender los ni\u00f1os a trav\u00e9s de diversas formas: audiovisual, auditiva y kinest\u00e9sica.<\/p>\n\n\n\n<p>Cabe mencionar que a los padres de familia les llegar\u00e1 un folleto, con una tarjeta que contiene un n\u00famero de serie, en su tel\u00e9fono podr\u00e1n descargar el contenido de las aulas, para que monitoreen lo que sus hijos van aprendiendo en las escuelas; viene un apartado de c\u00f3mo darles seguimiento a los ni\u00f1os en la alimentaci\u00f3n y salud mental, puntualiz\u00f3 Villegas Villarreal, al recalcar que con este programa la educaci\u00f3n en Durango se va a revolucionar.<\/p>\n\n\n\n<p>En el arranque de esta segunda etapa, Leticia Herrera Ale, alcaldesa de G\u00f3mez Palacio, asegur\u00f3 que con el trabajo en unidad y de la mano del Gobernador el municipio crece y se desarrolla, \u201cesto es una muestra del firme compromiso que tiene el Gobernador con la educaci\u00f3n y sobre todo visualizando siempre como la herramienta m\u00e1s importante para la construcci\u00f3n de una mejor sociedad. Su apoyo constante en materiales y equipamiento de vanguardia para las instituciones de nivel b\u00e1sico facilitar\u00e1n el \u00f3ptimo aprendizaje de miles de ni\u00f1as y ni\u00f1os en sus aulas\u201d.<\/p>\n\n\n\n<p>El secretario de Educaci\u00f3n, Guillermo Adame Calder\u00f3n, dijo que en la b\u00fasqueda de cambiar la educaci\u00f3n y reconstruir el tejido social, se brindan estas herramientas, adem\u00e1s del apoyo a maestros con mejores salarios, la aplicaci\u00f3n CURA, para que los padres est\u00e9n al pendiente est\u00e9n donde est\u00e9n; aunado a la revaloraci\u00f3n en el sentido educativo con los pagos que se hab\u00edan suspendido a los maestros y por otra parte, la inversi\u00f3n en infraestructura educativa, ya que tan solo en la Escuela Normal, el gobierno ha invertido 35 millones de pesos en obra, donde est\u00e1 por arrancar una nueva biblioteca.<\/p>\n\n\n\n<p>C\u00e9sar Al\u00ed Mart\u00ednez Rodr\u00edguez, alumno de sexto a\u00f1o de la primaria Antonio Castro, agradeci\u00f3 estos programas, desde uniformes y \u00fatiles escolares que permiten igualdad y respeto entre el estudiantado, como las \u201cAulas Interactivas Digitales\u201d, y dijo sentirse emocionado y con gran ilusi\u00f3n de aprender, \u201cgracias Esteban por traer un mundo a nuestras manos, por creer en nosotros y ayudarnos a seguir luchando, gracias por tomar en cuenta a nuestros padres, madres y por estar del lado de nuestros maestros. Hoy es un d\u00eda especial porque seguimos construyendo el futuro que todos nos merecemos, porque en Durango, la educaci\u00f3n es diversi\u00f3n\u201d.<\/p>\n\n\n\n<p>En este evento se hizo una demostraci\u00f3n del funcionamiento del aula interactiva digital, a cargo de V\u00edctor Fernel Guzm\u00e1n Arviz\u00fa, director del programa Educar con Valor (Educav), donde participaron la alcaldesa Lety y el Ejecutivo Estatal y los alumnos de la primaria, \u201cestamos transformando esta manera de ense\u00f1ar en Durango con un programa que aprenden de manera distinta y puedan conquistar sus sue\u00f1os\u201d, afirm\u00f3.<\/p>\n\n\n\n<p>A este arranque de la segunda etapa, tambi\u00e9n estuvieron los secretarios de sindicatos Nacional de los Trabajadores del Estado (SNTE), Efr\u00e9n Estrada Reyes de la secci\u00f3n 44, Arturo D\u00edaz Gonz\u00e1lez, secci\u00f3n 35 y la comunidad estudiantil de la regi\u00f3n Laguna.<\/p>\n","protected":false},"excerpt":{"rendered":"<p>En Durango se transforma la manera de educar a los ni\u00f1os y j\u00f3venes, es un cambio que ya se est\u00e1 dando en la vida de los estudiantes y de los maestros, con una forma diferente de ense\u00f1ar, asegur\u00f3 el gobernador Esteban Villegas Villarreal, durante la entrega de la segunda etapa de \u201cAulas Digitales\u201d en la [&hellip;]<\/p>\n","protected":false},"author":1,"featured_media":11076,"comment_status":"open","ping_status":"open","sticky":false,"template":"","format":"standard","meta":{"_monsterinsights_skip_tracking":false,"_monsterinsights_sitenote_active":false,"_monsterinsights_sitenote_note":"","_monsterinsights_sitenote_category":0,"footnotes":""},"categories":[1],"tags":[],"_links":{"self":[{"href":"https:\/\/zonalimitrofe-cbnr.com\/index.php\/wp-json\/wp\/v2\/posts\/11075"}],"collection":[{"href":"https:\/\/zonalimitrofe-cbnr.com\/index.php\/wp-json\/wp\/v2\/posts"}],"about":[{"href":"https:\/\/zonalimitrofe-cbnr.com\/index.php\/wp-json\/wp\/v2\/types\/post"}],"author":[{"embeddable":true,"href":"https:\/\/zonalimitrofe-cbnr.com\/index.php\/wp-json\/wp\/v2\/users\/1"}],"replies":[{"embeddable":true,"href":"https:\/\/zonalimitrofe-cbnr.com\/index.php\/wp-json\/wp\/v2\/comments?post=11075"}],"version-history":[{"count":1,"href":"https:\/\/zonalimitrofe-cbnr.com\/index.php\/wp-json\/wp\/v2\/posts\/11075\/revisions"}],"predecessor-version":[{"id":11077,"href":"https:\/\/zonalimitrofe-cbnr.com\/index.php\/wp-json\/wp\/v2\/posts\/11075\/revisions\/11077"}],"wp:featuredmedia":[{"embeddable":true,"href":"https:\/\/zonalimitrofe-cbnr.com\/index.php\/wp-json\/wp\/v2\/media\/11076"}],"wp:attachment":[{"href":"https:\/\/zonalimitrofe-cbnr.com\/index.php\/wp-json\/wp\/v2\/media?parent=11075"}],"wp:term":[{"taxonomy":"category","embeddable":true,"href":"https:\/\/zonalimitrofe-cbnr.com\/index.php\/wp-json\/wp\/v2\/categories?post=11075"},{"taxonomy":"post_tag","embeddable":true,"href":"https:\/\/zonalimitrofe-cbnr.com\/index.php\/wp-json\/wp\/v2\/tags?post=11075"}],"curies":[{"name":"wp","href":"https:\/\/api.w.org\/{rel}","templated":true}]}}