{"id":11028,"date":"2024-10-15T16:47:02","date_gmt":"2024-10-15T22:47:02","guid":{"rendered":"https:\/\/zonalimitrofe-cbnr.com\/?p=11028"},"modified":"2024-10-15T16:47:03","modified_gmt":"2024-10-15T22:47:03","slug":"lerdo-anuncian-hmc-y-st-rehaibilitacion-de-centro-comunitario-en-san-juan-i","status":"publish","type":"post","link":"https:\/\/zonalimitrofe-cbnr.com\/index.php\/2024\/10\/15\/lerdo-anuncian-hmc-y-st-rehaibilitacion-de-centro-comunitario-en-san-juan-i\/","title":{"rendered":"#Lerdo. ANUNCIAN HMC Y ST REHAIBILITACI\u00d3N DE CENTRO COMUNITARIO EN SAN JUAN I*"},"content":{"rendered":"\n<ul>\n<li>Y REUBICACI\u00d3N DE LA UBR<\/li>\n<\/ul>\n\n\n\n<p>Lerdo, 15 de octubre de 2024.- La tarde del pasado lunes y ante los habitantes del fraccionamiento San Juan I, el Presidente Municipal de Lerdo, el Dr. Homero Mart\u00ednez Cabrera, junto a la presidenta honoraria del DIF y diputada local por Lerdo, Susy Torrecillas Salazar, anunciaron la rehabilitaci\u00f3n del Centro Comunitario y el cambio de la Unidad B\u00e1sica de Rehabilitaci\u00f3n (UBR) a dicha colonia.<\/p>\n\n\n\n<p>El Alcalde de Lerdo, Homero Mart\u00ednez, dio a conocer que, en un esfuerzo por dignificar las \u00e1reas del DIF, se ampliar\u00e1 el espacio de Procuradur\u00eda para la Defensa de Ni\u00f1as, Ni\u00f1os, Adolescentes y Adultos Mayores, por lo que se trasladar\u00e1 la Unidad B\u00e1sica de Rehabilitaci\u00f3n, estrat\u00e9gicamente, al fraccionamiento San Juan I.<\/p>\n\n\n\n<p>Ah\u00ed mismo, se equipar\u00e1 con m\u00e1s y mejores aparatos para su funcionamiento, en beneficio de las y los ni\u00f1os con discapacidad, as\u00ed como adultos de la tercera edad, que acuden a sus terapias y rehabilitaciones.<\/p>\n\n\n\n<p>A\u00f1adi\u00f3 que se pretende firmar un convenio de colaboraci\u00f3n con el Centro Oftalmol\u00f3gico de Torre\u00f3n para otorgar, de manera gratuita, estudios de la vista y operaciones a la ciudadan\u00eda lerdense, en la UBR.<\/p>\n\n\n\n<p>\u201cEso va a representar un beneficio para los lerdenses, que podamos tener aqu\u00ed la Unidad B\u00e1sica de Rehabilitaci\u00f3n\u2026 el hecho que les podamos ayudar en temas de salud, la gente lo agradece much\u00edsimo cuando no se tienen los recursos para poder atendense\u201d coment\u00f3 Mart\u00ednez Cabrera \u201cNosotros, con esfuerzos del Municipio, estamos haciendo lo propio\u201d<\/p>\n\n\n\n<p>Por su parte, la diputada Susy Torrecillas reconoci\u00f3 el trabajo de la primera autoridad en el municipio de Lerdo, a quien agradeci\u00f3 por mantener la cercan\u00eda con los ciudadanos. Destac\u00f3 que con estas acciones se exalta la funci\u00f3n de uno de los centros comunitarios que el DIF tiene: el de San Juan I. Tambi\u00e9n aplaudi\u00f3 la labor de las fisioterapeutas y del equipo de Atenci\u00f3n a la Discapacidad del DIF, coordinado por Cynthia Balderas, as\u00ed como a la titular del Instituto para Personas con Discapacidad en el Ayuntamiento, Karimme Caldera.<\/p>\n\n\n\n<p>La directora del Sistema para el Desarrollo Integral de la Familia (DIF) Lerdo, Ivonne Guti\u00e9rrez agradeci\u00f3 a ambas autoridades por su compromiso y responsabilidad con la gente, en la creaci\u00f3n de este proyecto que contar\u00e1 con instalaciones amplias, dignas y c\u00f3modas, totalmente rehabilitadas, para brindar un servicio de calidad a las personas que m\u00e1s lo necesitan.<\/p>\n\n\n\n<p>La se\u00f1ora Perla Torres tuvo la oportunidad de agradecer al Presidente Homero Mart\u00ednez y a la diputada Susy Torrecillas por el gran apoyo en cuanto a la rehabilitaci\u00f3n de su peque\u00f1a hija Sara, de igual manera, agradeci\u00f3 a las fisioterapeutas.<\/p>\n","protected":false},"excerpt":{"rendered":"<p>Lerdo, 15 de octubre de 2024.- La tarde del pasado lunes y ante los habitantes del fraccionamiento San Juan I, el Presidente Municipal de Lerdo, el Dr. Homero Mart\u00ednez Cabrera, junto a la presidenta honoraria del DIF y diputada local por Lerdo, Susy Torrecillas Salazar, anunciaron la rehabilitaci\u00f3n del Centro Comunitario y el cambio de [&hellip;]<\/p>\n","protected":false},"author":1,"featured_media":11029,"comment_status":"open","ping_status":"open","sticky":false,"template":"","format":"standard","meta":{"_monsterinsights_skip_tracking":false,"_monsterinsights_sitenote_active":false,"_monsterinsights_sitenote_note":"","_monsterinsights_sitenote_category":0,"footnotes":""},"categories":[1],"tags":[],"_links":{"self":[{"href":"https:\/\/zonalimitrofe-cbnr.com\/index.php\/wp-json\/wp\/v2\/posts\/11028"}],"collection":[{"href":"https:\/\/zonalimitrofe-cbnr.com\/index.php\/wp-json\/wp\/v2\/posts"}],"about":[{"href":"https:\/\/zonalimitrofe-cbnr.com\/index.php\/wp-json\/wp\/v2\/types\/post"}],"author":[{"embeddable":true,"href":"https:\/\/zonalimitrofe-cbnr.com\/index.php\/wp-json\/wp\/v2\/users\/1"}],"replies":[{"embeddable":true,"href":"https:\/\/zonalimitrofe-cbnr.com\/index.php\/wp-json\/wp\/v2\/comments?post=11028"}],"version-history":[{"count":1,"href":"https:\/\/zonalimitrofe-cbnr.com\/index.php\/wp-json\/wp\/v2\/posts\/11028\/revisions"}],"predecessor-version":[{"id":11030,"href":"https:\/\/zonalimitrofe-cbnr.com\/index.php\/wp-json\/wp\/v2\/posts\/11028\/revisions\/11030"}],"wp:featuredmedia":[{"embeddable":true,"href":"https:\/\/zonalimitrofe-cbnr.com\/index.php\/wp-json\/wp\/v2\/media\/11029"}],"wp:attachment":[{"href":"https:\/\/zonalimitrofe-cbnr.com\/index.php\/wp-json\/wp\/v2\/media?parent=11028"}],"wp:term":[{"taxonomy":"category","embeddable":true,"href":"https:\/\/zonalimitrofe-cbnr.com\/index.php\/wp-json\/wp\/v2\/categories?post=11028"},{"taxonomy":"post_tag","embeddable":true,"href":"https:\/\/zonalimitrofe-cbnr.com\/index.php\/wp-json\/wp\/v2\/tags?post=11028"}],"curies":[{"name":"wp","href":"https:\/\/api.w.org\/{rel}","templated":true}]}}