{"id":11019,"date":"2024-10-15T16:37:30","date_gmt":"2024-10-15T22:37:30","guid":{"rendered":"https:\/\/zonalimitrofe-cbnr.com\/?p=11019"},"modified":"2024-10-15T16:37:30","modified_gmt":"2024-10-15T22:37:30","slug":"torreon-roman-alberto-cepeda-gonzalez-devela-monumento-al-constructor-en-el-marco-de-los-festejos-de-la-cmic","status":"publish","type":"post","link":"https:\/\/zonalimitrofe-cbnr.com\/index.php\/2024\/10\/15\/torreon-roman-alberto-cepeda-gonzalez-devela-monumento-al-constructor-en-el-marco-de-los-festejos-de-la-cmic\/","title":{"rendered":"#Torre\u00f3n. Rom\u00e1n Alberto Cepeda Gonz\u00e1lez devela monumento al constructor en el marco de los festejos de la CMIC"},"content":{"rendered":"\n<p>Torre\u00f3n, Coahuila. A 15 de octubre de 2024.<\/p>\n\n\n\n<p>El alcalde Rom\u00e1n Alberto Cepeda Gonz\u00e1lez asisti\u00f3 este martes a la ceremonia de festejo del 51 aniversario de la C\u00e1mara Mexicana de la Industria de la Construcci\u00f3n (CIMC), Delegaci\u00f3n Comarca Lagunera, en la que como parte de la celebraci\u00f3n, se devel\u00f3 el monumento al constructor.<\/p>\n\n\n\n<p>El Presidente Municipal felicito a los miembros de la C\u00e1mara, a quienes les extern\u00f3 su aprecio y apoyo.<\/p>\n\n\n\n<p>\u201cMi reconocimiento por su compromiso durante los 51 a\u00f1os de la CIMC a nivel regional, en donde en la parte que nos corresponde desde Torre\u00f3n, mi aprecio y apoyo siempre. Y en el marco de la develaci\u00f3n de esta importante escultura, les reitero mi respaldo\u201d, expres\u00f3 el edil.<\/p>\n\n\n\n<p>El Alcalde destac\u00f3 la capacidad de los constructores y su aportaci\u00f3n a la regi\u00f3n, tanto en obra como en trabajo constante, generaci\u00f3n de empleo y en su compromiso como empresarios.<\/p>\n\n\n\n<p>Cepeda Gonz\u00e1lez dijo que a partir de los 51 a\u00f1os de organizaci\u00f3n y de trabajo por parte de la C\u00e1mara, las nuevas condiciones del pa\u00eds propician otras demandas por atender.<\/p>\n\n\n\n<p>\u201cEn funci\u00f3n de atender lo que M\u00e9xico hoy necesita en cuanto a obra, construcci\u00f3n, ingenier\u00eda y todo lo que esto conlleva, al final cada uno habremos de poner nuestra parte y por eso es importante que est\u00e9n aqu\u00ed representados quien preside los destinos de la C\u00e1mara en el \u00e1mbito nacional, y de quienes representan a quienes conducen los destinos de Coahuila y Durango\u201d, mencion\u00f3.<\/p>\n\n\n\n<p>El mun\u00edcipe dijo que para seguir construyendo el Torre\u00f3n, La Laguna, el Coahuila y el Durango que todos queremos, debe ser con orden, con responsabilidad y con el compromiso con la actual y las futuras generaciones.<\/p>\n\n\n\n<p>\u201cHaciendo la parte que nos corresponde a cada uno, seguiremos construyendo el futuro de nuestro querido Torre\u00f3n, y seguiremos indiscutiblemente avanzando como dice nuestro Gobernador, \u00a1a pasos de gigante! Y sobre todo dejando esa huella, as\u00ed como la ha dejado CIMC en 51 a\u00f1os, la podemos dejar nosotros en la parte que hoy nos corresponde, en crecimiento, en responsabilidad, compromiso y decirle y dejarles un mensaje a las futuras generaciones que s\u00ed se puede, s\u00ed se puede tener un Torre\u00f3n, una Laguna y un Coahuila donde se construya el crecimiento de la regi\u00f3n\u201d, puntualiz\u00f3.<\/p>\n\n\n\n<p>Luis Eduardo Olivares Mart\u00ednez, secretario de Econom\u00eda en el Estado, en representaci\u00f3n del Gobernador Manolo Jim\u00e9nez Salinas, extern\u00f3 su felicitaci\u00f3n por el aniversario de la CMIC.<\/p>\n\n\n\n<p>\u201cEs un honor celebrar un acontecimiento tan significativo como el 51 aniversario de esta gran instituci\u00f3n, pilar del desarrollo de nuestra regi\u00f3n. La CMIC no solo es un aliado estrat\u00e9gico en la construcci\u00f3n de infraestructura, sino tambi\u00e9n, en la construcci\u00f3n de un futuro pr\u00f3spero para Coahuila y para La Laguna, y los m\u00e1s de 150 socios son testimonio del compromiso que tienen con el crecimiento y transformaci\u00f3n de nuestras ciudades\u201d, expres\u00f3.<\/p>\n\n\n\n<p>Luis M\u00e9ndez Jaled, presidente nacional de la CMIC; dijo que son m\u00e1s de cinco d\u00e9cadas de historia de la delegaci\u00f3n lagunera, y que la develaci\u00f3n de la escultura representa que los constructores han puesto su patrimonio, su talento, y su conocimiento al servicio de la regi\u00f3n y del pa\u00eds.<\/p>\n\n\n\n<p>\u201cSu trabajo significa inversiones, infraestructura, derrama econ\u00f3mica y empleos. Nuestra industria aporta el siete por ciento del producto interno bruto del pa\u00eds y genera casi cinco millones de empleos. En La laguna y en todo M\u00e9xico, construcci\u00f3n es desarrollo y calidad de vida\u201d, mencion\u00f3.<\/p>\n\n\n\n<p>Adem\u00e1s manifest\u00f3 su gratitud a quienes dijo, se distinguen como l\u00edderes comprometidos con el desarrollo de infraestructura, el Gobernador y el Alcalde.<\/p>\n\n\n\n<p>\u201cLa Laguna es una de las regiones econ\u00f3micas mas din\u00e1micas y emblem\u00e1ticas de M\u00e9xico, una regi\u00f3n que ofrece muchas oportunidades\u201d, coment\u00f3.<\/p>\n\n\n\n<p>Por su parte, Donato Guti\u00e9rrez Guti\u00e9rrez, presidente de la CMIC en la Comarca Lagunera, mencion\u00f3 que la escultura es un reconocimiento a los constructores, por ser quienes crean la infraestructura, generan empleos y resalt\u00f3 que en equipo con las autoridades se puede seguir construyendo un futuro extraordinario, asever\u00f3.<\/p>\n\n\n\n<p>El escultor Fernando Mart\u00ednez, explic\u00f3 que la obra contiene los cuatro elementos que representan la infraestructura hidr\u00e1ulica, el\u00e9ctrica, la conectividad y la edificaci\u00f3n.<\/p>\n\n\n\n<p>Estuvieron tambi\u00e9n presentes: Eduardo Olmos Castro, secretario de Desarrollo Regional en La Laguna; Arturo Ortiz Gal\u00e1n, subsecretario de Inversi\u00f3n Extranjera en Durango.<\/p>\n","protected":false},"excerpt":{"rendered":"<p>Torre\u00f3n, Coahuila. A 15 de octubre de 2024. El alcalde Rom\u00e1n Alberto Cepeda Gonz\u00e1lez asisti\u00f3 este martes a la ceremonia de festejo del 51 aniversario de la C\u00e1mara Mexicana de la Industria de la Construcci\u00f3n (CIMC), Delegaci\u00f3n Comarca Lagunera, en la que como parte de la celebraci\u00f3n, se devel\u00f3 el monumento al constructor. El Presidente [&hellip;]<\/p>\n","protected":false},"author":1,"featured_media":11020,"comment_status":"open","ping_status":"open","sticky":false,"template":"","format":"standard","meta":{"_monsterinsights_skip_tracking":false,"_monsterinsights_sitenote_active":false,"_monsterinsights_sitenote_note":"","_monsterinsights_sitenote_category":0,"footnotes":""},"categories":[1],"tags":[],"_links":{"self":[{"href":"https:\/\/zonalimitrofe-cbnr.com\/index.php\/wp-json\/wp\/v2\/posts\/11019"}],"collection":[{"href":"https:\/\/zonalimitrofe-cbnr.com\/index.php\/wp-json\/wp\/v2\/posts"}],"about":[{"href":"https:\/\/zonalimitrofe-cbnr.com\/index.php\/wp-json\/wp\/v2\/types\/post"}],"author":[{"embeddable":true,"href":"https:\/\/zonalimitrofe-cbnr.com\/index.php\/wp-json\/wp\/v2\/users\/1"}],"replies":[{"embeddable":true,"href":"https:\/\/zonalimitrofe-cbnr.com\/index.php\/wp-json\/wp\/v2\/comments?post=11019"}],"version-history":[{"count":1,"href":"https:\/\/zonalimitrofe-cbnr.com\/index.php\/wp-json\/wp\/v2\/posts\/11019\/revisions"}],"predecessor-version":[{"id":11021,"href":"https:\/\/zonalimitrofe-cbnr.com\/index.php\/wp-json\/wp\/v2\/posts\/11019\/revisions\/11021"}],"wp:featuredmedia":[{"embeddable":true,"href":"https:\/\/zonalimitrofe-cbnr.com\/index.php\/wp-json\/wp\/v2\/media\/11020"}],"wp:attachment":[{"href":"https:\/\/zonalimitrofe-cbnr.com\/index.php\/wp-json\/wp\/v2\/media?parent=11019"}],"wp:term":[{"taxonomy":"category","embeddable":true,"href":"https:\/\/zonalimitrofe-cbnr.com\/index.php\/wp-json\/wp\/v2\/categories?post=11019"},{"taxonomy":"post_tag","embeddable":true,"href":"https:\/\/zonalimitrofe-cbnr.com\/index.php\/wp-json\/wp\/v2\/tags?post=11019"}],"curies":[{"name":"wp","href":"https:\/\/api.w.org\/{rel}","templated":true}]}}