{"id":11016,"date":"2024-10-15T16:34:54","date_gmt":"2024-10-15T22:34:54","guid":{"rendered":"https:\/\/zonalimitrofe-cbnr.com\/?p=11016"},"modified":"2024-10-15T16:34:54","modified_gmt":"2024-10-15T22:34:54","slug":"uadec-capacita-uadec-a-su-comunidad-sobre-prevencion-de-incendios-forestales-y-urbanos","status":"publish","type":"post","link":"https:\/\/zonalimitrofe-cbnr.com\/index.php\/2024\/10\/15\/uadec-capacita-uadec-a-su-comunidad-sobre-prevencion-de-incendios-forestales-y-urbanos\/","title":{"rendered":"#UAdeC. Capacita UAdeC a su Comunidad sobre Prevenci\u00f3n de Incendios Forestales y Urbanos"},"content":{"rendered":"\n<p>MONCLOVA, Coahuila. 15 de octubre de 2024. En un esfuerzo por fomentar la seguridad y la prevenci\u00f3n de riesgos, la Universidad Aut\u00f3noma de Coahuila, a trav\u00e9s de su \u00c1rea de Acci\u00f3n Social y el Departamento de Protecci\u00f3n Civil Universitaria, llev\u00f3 a cabo la \u201cCapacitaci\u00f3n sobre prevenci\u00f3n de incendios forestales y urbanos\u201d en unidades acad\u00e9micas de la Unidad Norte y Sureste.<\/p>\n\n\n\n<p>El objetivo de esta iniciativa fue proporcionar a los participantes el conocimiento y las herramientas necesarias sobre los programas de prevenci\u00f3n de incendios forestales y urbanos, con el fin de fortalecer sus habilidades para identificar riesgos, aplicar medidas preventivas efectivas y promover una cultura de prevenci\u00f3n.<\/p>\n\n\n\n<p>El subcoordinador de Acci\u00f3n Social de la UAdeC, Rodolfo Garza De las Fuentes, inform\u00f3 que esta capacitaci\u00f3n forma parte de una alianza estrat\u00e9gica en colaboraci\u00f3n con la Secretar\u00eda de Medio Ambiente de Coahuila y su Subsecretar\u00eda de Incendios Forestales, que busca promover una cultura de prevenci\u00f3n entre estudiantes, docentes y personal administrativo y manual de la m\u00e1xima casa de estudios.<\/p>\n\n\n\n<p>Agreg\u00f3 que esta acci\u00f3n responde a la instrucci\u00f3n del rector, Octavio Pimentel Mart\u00ednez, quien ha solicitado replicar estas capacitaciones en diversas unidades acad\u00e9micas con el fin de fortalecer las acciones preventivas en temas sociales y medioambientales de la comunidad universitaria.<\/p>\n\n\n\n<p>La capacitaci\u00f3n fue impartida por el subsecretario de Incendios Forestales, Ren\u00e9 Medina Morales, as\u00ed como brigadistas de la misma dependencia; para la parte de incendios urbanos, la capacitaci\u00f3n la realiz\u00f3 personal de Bomberos y Protecci\u00f3n Civil de la localidad de cada una de las unidades acad\u00e9micas, quienes abordaron temas como la prevenci\u00f3n, el reporte de incendios y c\u00f3mo actuar sin ponerse en riesgo.<\/p>\n\n\n\n<p>En Saltillo, la actividad tuvo lugar en la Escuela de Bachilleres Ateneo Fuente con la participaci\u00f3n de m\u00e1s de 50 personas; en Monclova, se realiz\u00f3 en la Facultad de Ingenier\u00eda Mec\u00e1nica y El\u00e9ctrica (FIME) y cont\u00f3 con la asistencia de 105 personas.<\/p>\n\n\n\n<p>En Nueva Rosita participaron 92 personas de la Escuela Superior de Ingenier\u00eda \u201cLic. Adolfo L\u00f3pez Mateos\u201d y de la Escuela de Bachilleres \u201cSr. Urbano Riojas Rend\u00f3n\u201d (EBURR), mientras que, en M\u00fazquiz, fueron 190 personas del Instituto \u201cAdolfo E. Romo Cadena\u201d fueron capacitadas.<\/p>\n","protected":false},"excerpt":{"rendered":"<p>MONCLOVA, Coahuila. 15 de octubre de 2024. En un esfuerzo por fomentar la seguridad y la prevenci\u00f3n de riesgos, la Universidad Aut\u00f3noma de Coahuila, a trav\u00e9s de su \u00c1rea de Acci\u00f3n Social y el Departamento de Protecci\u00f3n Civil Universitaria, llev\u00f3 a cabo la \u201cCapacitaci\u00f3n sobre prevenci\u00f3n de incendios forestales y urbanos\u201d en unidades acad\u00e9micas de [&hellip;]<\/p>\n","protected":false},"author":1,"featured_media":11017,"comment_status":"open","ping_status":"open","sticky":false,"template":"","format":"standard","meta":{"_monsterinsights_skip_tracking":false,"_monsterinsights_sitenote_active":false,"_monsterinsights_sitenote_note":"","_monsterinsights_sitenote_category":0,"footnotes":""},"categories":[1],"tags":[],"_links":{"self":[{"href":"https:\/\/zonalimitrofe-cbnr.com\/index.php\/wp-json\/wp\/v2\/posts\/11016"}],"collection":[{"href":"https:\/\/zonalimitrofe-cbnr.com\/index.php\/wp-json\/wp\/v2\/posts"}],"about":[{"href":"https:\/\/zonalimitrofe-cbnr.com\/index.php\/wp-json\/wp\/v2\/types\/post"}],"author":[{"embeddable":true,"href":"https:\/\/zonalimitrofe-cbnr.com\/index.php\/wp-json\/wp\/v2\/users\/1"}],"replies":[{"embeddable":true,"href":"https:\/\/zonalimitrofe-cbnr.com\/index.php\/wp-json\/wp\/v2\/comments?post=11016"}],"version-history":[{"count":1,"href":"https:\/\/zonalimitrofe-cbnr.com\/index.php\/wp-json\/wp\/v2\/posts\/11016\/revisions"}],"predecessor-version":[{"id":11018,"href":"https:\/\/zonalimitrofe-cbnr.com\/index.php\/wp-json\/wp\/v2\/posts\/11016\/revisions\/11018"}],"wp:featuredmedia":[{"embeddable":true,"href":"https:\/\/zonalimitrofe-cbnr.com\/index.php\/wp-json\/wp\/v2\/media\/11017"}],"wp:attachment":[{"href":"https:\/\/zonalimitrofe-cbnr.com\/index.php\/wp-json\/wp\/v2\/media?parent=11016"}],"wp:term":[{"taxonomy":"category","embeddable":true,"href":"https:\/\/zonalimitrofe-cbnr.com\/index.php\/wp-json\/wp\/v2\/categories?post=11016"},{"taxonomy":"post_tag","embeddable":true,"href":"https:\/\/zonalimitrofe-cbnr.com\/index.php\/wp-json\/wp\/v2\/tags?post=11016"}],"curies":[{"name":"wp","href":"https:\/\/api.w.org\/{rel}","templated":true}]}}