{"id":1101,"date":"2024-01-27T23:14:08","date_gmt":"2024-01-27T23:14:08","guid":{"rendered":"https:\/\/zonalimitrofe-cbnr.com\/?p=1101"},"modified":"2024-01-27T23:14:08","modified_gmt":"2024-01-27T23:14:08","slug":"durango-llega-a-tiempo-semilla-de-avena-productores-reconocen-respaldo-de-esteban-al-campo","status":"publish","type":"post","link":"https:\/\/zonalimitrofe-cbnr.com\/index.php\/2024\/01\/27\/durango-llega-a-tiempo-semilla-de-avena-productores-reconocen-respaldo-de-esteban-al-campo\/","title":{"rendered":"#Durango. Llega a tiempo semilla de avena; productores reconocen respaldo de Esteban al campo*"},"content":{"rendered":"\n<ul>\n<li><em>Podr\u00e1n contar con forraje para abril o mayo, luego que el Gobernador arrancara el \u201cPrograma Contra la Sequ\u00eda\u201d en Santiago Papasquiaro.<\/em><\/li>\n\n\n\n<li><em>Para la gente del medio rural tambi\u00e9n entreg\u00f3 aparatos funcionales y t\u00edtulos de propiedad.<\/em><\/li>\n<\/ul>\n\n\n\n<p>Con Esteban Villegas, sentimos un respaldo permanente para el campo duranguense y muestra de ello, es que para el ciclo oto\u00f1o-invierno, recibimos semilla de avena, la cual, cosecharemos para abril o mayo, dijo Roberto Vida\u00f1a Hern\u00e1ndez beneficiario del programa \u201cContra la Sequ\u00eda\u201d, que puso en marcha el Gobierno Estatal para mitigar los estragos de la temporada de estiaje en los 39 municipios.<\/p>\n\n\n\n<p>Santiago Papasquiaro fue el primero en recibir 80 toneladas de semilla de avena, que fueron distribuidas entre 260 productores, adem\u00e1s de la entrega de bordos de abrevadero en la regi\u00f3n, los cuales permitir\u00e1n captar agua y dar de beber al ganado.<\/p>\n\n\n\n<p>\u201cCon estos apoyos, se ve que el Gobierno est\u00e1 haciendo las cosas en tiempo y forma, nos sigue cumpliendo, sobre todo ahora que hay mucha necesidad en los pueblos a causa de la sequ\u00eda\u201d, expres\u00f3 Rosario del Carmen Mac\u00edas, de la localidad de Chinacates, quien coincidi\u00f3 con Jes\u00fas Soto, de San Pedro de Tenerapa, en que estos beneficios son de gran apoyo a la econom\u00eda de las familias que viven del campo.<\/p>\n\n\n\n<p>Romualdo Guerrero del ejido Quebrada de Cebollas, manifest\u00f3 que las semillas y los insumos para el campo son muy elevados, por ello, esta entrega es de mucha utilidad para producir forraje para los animales; \u201cel Gobernador le est\u00e1 echando ganas, se ve que este es un buen principio y esperamos que nos siga apoyando\u201d, a\u00f1adi\u00f3.<\/p>\n\n\n\n<p>Adem\u00e1s de los apoyos para productores, el Gobernador llev\u00f3 diversas acciones en materia de salud, seguridad, vivienda e infraestructura a los habitantes de comunidades, quienes agradecieron y consideraron que esto es una respuesta a las necesidades de las familias de esta regi\u00f3n.<\/p>\n\n\n\n<p>Jos\u00e9 Mata y Aurelia Qui\u00f1ones, fueron parte de los santiagueros que recibieron t\u00edtulos de propiedad y mencionaron que este documento viene a darles la certeza jur\u00eddica de su patrimonio; \u201cesperamos que siga trabajando as\u00ed, que siga haciendo cosas bien hechas, para nosotros es muy importante porque es algo ya nuestro y nos da una seguridad de poder fincar y meterle trabajo o dinero a nuestras casas\u201d, agregaron.<\/p>\n\n\n\n<p>En materia de salud, tambi\u00e9n fue atendido este municipio, por lo que Mar\u00eda Zenaida Ram\u00edrez Mart\u00ednez, beneficiaria de una silla PCI para su hijo Jos\u00e9 David, agradeci\u00f3 al Gobernador por el significativo apoyo que viene a facilitarle los cuidados de su peque\u00f1o, \u201cyo lo navegaba en una carriola y ya era dif\u00edcil, porque \u00e9l ya est\u00e1 grandecito y con esta silla es m\u00e1s f\u00e1cil, me sirve para moverlo y para que no se canse s\u00f3lo de estar acostado\u201d, concluy\u00f3.<\/p>\n","protected":false},"excerpt":{"rendered":"<p>Con Esteban Villegas, sentimos un respaldo permanente para el campo duranguense y muestra de ello, es que para el ciclo oto\u00f1o-invierno, recibimos semilla de avena, la cual, cosecharemos para abril o mayo, dijo Roberto Vida\u00f1a Hern\u00e1ndez beneficiario del programa \u201cContra la Sequ\u00eda\u201d, que puso en marcha el Gobierno Estatal para mitigar los estragos de la [&hellip;]<\/p>\n","protected":false},"author":1,"featured_media":1102,"comment_status":"open","ping_status":"open","sticky":false,"template":"","format":"standard","meta":{"_monsterinsights_skip_tracking":false,"_monsterinsights_sitenote_active":false,"_monsterinsights_sitenote_note":"","_monsterinsights_sitenote_category":0,"footnotes":""},"categories":[1],"tags":[],"_links":{"self":[{"href":"https:\/\/zonalimitrofe-cbnr.com\/index.php\/wp-json\/wp\/v2\/posts\/1101"}],"collection":[{"href":"https:\/\/zonalimitrofe-cbnr.com\/index.php\/wp-json\/wp\/v2\/posts"}],"about":[{"href":"https:\/\/zonalimitrofe-cbnr.com\/index.php\/wp-json\/wp\/v2\/types\/post"}],"author":[{"embeddable":true,"href":"https:\/\/zonalimitrofe-cbnr.com\/index.php\/wp-json\/wp\/v2\/users\/1"}],"replies":[{"embeddable":true,"href":"https:\/\/zonalimitrofe-cbnr.com\/index.php\/wp-json\/wp\/v2\/comments?post=1101"}],"version-history":[{"count":1,"href":"https:\/\/zonalimitrofe-cbnr.com\/index.php\/wp-json\/wp\/v2\/posts\/1101\/revisions"}],"predecessor-version":[{"id":1103,"href":"https:\/\/zonalimitrofe-cbnr.com\/index.php\/wp-json\/wp\/v2\/posts\/1101\/revisions\/1103"}],"wp:featuredmedia":[{"embeddable":true,"href":"https:\/\/zonalimitrofe-cbnr.com\/index.php\/wp-json\/wp\/v2\/media\/1102"}],"wp:attachment":[{"href":"https:\/\/zonalimitrofe-cbnr.com\/index.php\/wp-json\/wp\/v2\/media?parent=1101"}],"wp:term":[{"taxonomy":"category","embeddable":true,"href":"https:\/\/zonalimitrofe-cbnr.com\/index.php\/wp-json\/wp\/v2\/categories?post=1101"},{"taxonomy":"post_tag","embeddable":true,"href":"https:\/\/zonalimitrofe-cbnr.com\/index.php\/wp-json\/wp\/v2\/tags?post=1101"}],"curies":[{"name":"wp","href":"https:\/\/api.w.org\/{rel}","templated":true}]}}