{"id":10986,"date":"2024-10-14T14:50:33","date_gmt":"2024-10-14T20:50:33","guid":{"rendered":"https:\/\/zonalimitrofe-cbnr.com\/?p=10986"},"modified":"2024-10-14T14:50:33","modified_gmt":"2024-10-14T20:50:33","slug":"lerdo-imparten-escuela-para-padres-en-colegio-de-lerdo","status":"publish","type":"post","link":"https:\/\/zonalimitrofe-cbnr.com\/index.php\/2024\/10\/14\/lerdo-imparten-escuela-para-padres-en-colegio-de-lerdo\/","title":{"rendered":"#Lerdo. IMPARTEN \u201cESCUELA PARA PADRES\u201d EN COLEGIO DE LERDO*"},"content":{"rendered":"\n<p>Lerdo, 14 de octubre 2024.- Personal de la Biblioteca Benito Ju\u00e1rez, perteneciente a la Coordinaci\u00f3n de Bibliotecas P\u00fablicas Municipales en Lerdo, visit\u00f3 el Colegio Mar\u00eda Isabel con el programa \u201cEscuela para Padres\u201d donde, durante tres d\u00edas, se imparti\u00f3 una serie de conferencias para reforzar los lazos familiares.<\/p>\n\n\n\n<p>Madres, padres y alumnos de preescolar, primaria y educaci\u00f3n inicial, participaron en las pl\u00e1ticas sobre \u201cvalores para ser feliz\u201d, donde tuvieron la oportunidad de hacer ejercicios did\u00e1cticos para conectarse y mejorar su comunicaci\u00f3n, as\u00ed como la comprensi\u00f3n para detectar el bienestar f\u00edsico, mental y psicol\u00f3gico de los menores de edad.<\/p>\n\n\n\n<p>Durante los tres d\u00edas, se trabaj\u00f3 con casi 400 personas, quienes se comprometieron a tener una relaci\u00f3n afectuosa e incondicional con los hijos, m\u00e1s all\u00e1 de proveerles econ\u00f3micamente.<\/p>\n\n\n\n<p>Actividades como estas forman parte de los resultados de la administraci\u00f3n p\u00fablica actual que dirige tan acertadamente el Presidente Municipal, el Dr. Homero Mart\u00ednez Cabrera. Quien, comprometido con las familias lerdenses, genera, a trav\u00e9s de la Coordinaci\u00f3n de Bibliotecas P\u00fablicas, espacios y brinda herramientas para garantizar el bienestar social de las y los ciudadanos.<\/p>\n","protected":false},"excerpt":{"rendered":"<p>Lerdo, 14 de octubre 2024.- Personal de la Biblioteca Benito Ju\u00e1rez, perteneciente a la Coordinaci\u00f3n de Bibliotecas P\u00fablicas Municipales en Lerdo, visit\u00f3 el Colegio Mar\u00eda Isabel con el programa \u201cEscuela para Padres\u201d donde, durante tres d\u00edas, se imparti\u00f3 una serie de conferencias para reforzar los lazos familiares. Madres, padres y alumnos de preescolar, primaria y [&hellip;]<\/p>\n","protected":false},"author":1,"featured_media":10987,"comment_status":"open","ping_status":"open","sticky":false,"template":"","format":"standard","meta":{"_monsterinsights_skip_tracking":false,"_monsterinsights_sitenote_active":false,"_monsterinsights_sitenote_note":"","_monsterinsights_sitenote_category":0,"footnotes":""},"categories":[1],"tags":[],"_links":{"self":[{"href":"https:\/\/zonalimitrofe-cbnr.com\/index.php\/wp-json\/wp\/v2\/posts\/10986"}],"collection":[{"href":"https:\/\/zonalimitrofe-cbnr.com\/index.php\/wp-json\/wp\/v2\/posts"}],"about":[{"href":"https:\/\/zonalimitrofe-cbnr.com\/index.php\/wp-json\/wp\/v2\/types\/post"}],"author":[{"embeddable":true,"href":"https:\/\/zonalimitrofe-cbnr.com\/index.php\/wp-json\/wp\/v2\/users\/1"}],"replies":[{"embeddable":true,"href":"https:\/\/zonalimitrofe-cbnr.com\/index.php\/wp-json\/wp\/v2\/comments?post=10986"}],"version-history":[{"count":1,"href":"https:\/\/zonalimitrofe-cbnr.com\/index.php\/wp-json\/wp\/v2\/posts\/10986\/revisions"}],"predecessor-version":[{"id":10988,"href":"https:\/\/zonalimitrofe-cbnr.com\/index.php\/wp-json\/wp\/v2\/posts\/10986\/revisions\/10988"}],"wp:featuredmedia":[{"embeddable":true,"href":"https:\/\/zonalimitrofe-cbnr.com\/index.php\/wp-json\/wp\/v2\/media\/10987"}],"wp:attachment":[{"href":"https:\/\/zonalimitrofe-cbnr.com\/index.php\/wp-json\/wp\/v2\/media?parent=10986"}],"wp:term":[{"taxonomy":"category","embeddable":true,"href":"https:\/\/zonalimitrofe-cbnr.com\/index.php\/wp-json\/wp\/v2\/categories?post=10986"},{"taxonomy":"post_tag","embeddable":true,"href":"https:\/\/zonalimitrofe-cbnr.com\/index.php\/wp-json\/wp\/v2\/tags?post=10986"}],"curies":[{"name":"wp","href":"https:\/\/api.w.org\/{rel}","templated":true}]}}