{"id":10968,"date":"2024-10-14T14:11:33","date_gmt":"2024-10-14T20:11:33","guid":{"rendered":"https:\/\/zonalimitrofe-cbnr.com\/?p=10968"},"modified":"2024-10-14T14:11:34","modified_gmt":"2024-10-14T20:11:34","slug":"uadec-fortalecen-y-comparten-conocimientos-en-el-congreso-de-egresados-de-la-facultad-de-odontologia-de-la-uadec-unidad-laguna","status":"publish","type":"post","link":"https:\/\/zonalimitrofe-cbnr.com\/index.php\/2024\/10\/14\/uadec-fortalecen-y-comparten-conocimientos-en-el-congreso-de-egresados-de-la-facultad-de-odontologia-de-la-uadec-unidad-laguna\/","title":{"rendered":"#UAdeC. Fortalecen y Comparten Conocimientos en el Congreso de Egresados de la Facultad de Odontolog\u00eda de la UAdeC Unidad Laguna"},"content":{"rendered":"\n<p>TORRE\u00d3N, Coahuila. 14 de octubre de 2024. La Facultad de Odontolog\u00eda Unidad Laguna de la Universidad Aut\u00f3noma de Coahuila realiz\u00f3 el Congreso de Egresados 2024 \u201cRenovando lazos con ciencia y sonrisas\u201d, evento que reuni\u00f3 a profesionales y exalumnos de diversas generaciones con el prop\u00f3sito de compartir conocimientos y fortalecer v\u00ednculos.<\/p>\n\n\n\n<p>En el evento realizado en el Auditorio de la Facultad estuvieron presentes el director de Salud Municipal de Torre\u00f3n, Jorge Mario Galv\u00e1n Zerme\u00f1o; el secretario administrativo de la Facultad de Odontolog\u00eda, Carlos Ricardo Nev\u00e1rez Vel\u00e1zquez, el secretario Acad\u00e9mico, Ignacio Aguilera Longoria, la coordinadora de la Maestr\u00eda en Ciencias Odontol\u00f3gicas, Claudia Mel\u00e9ndez Wong.<\/p>\n\n\n\n<p>El presidente del Colegio de Cirujanos Dentistas de La Laguna A.C. Filial de la Asociaci\u00f3n Dental Mexicana, Am\u00edlcar Fernando Peniche Polanco; el fundador y miembro de la primera generaci\u00f3n de la Facultad, el Dr. Jos\u00e9 Mauro Aguado Gonz\u00e1lez, as\u00ed como egresadas y egresados de las 59 generaciones del plantel.<\/p>\n\n\n\n<p>El encargado del departamento de Innovaci\u00f3n Educativa de la Coordinaci\u00f3n Unidad Laguna, Fernando Hern\u00e1ndez Ter\u00e1n, reconoci\u00f3 la labor de la Facultad de Odontolog\u00eda y de todos sus egresados, que realizan a\u00f1o tras a\u00f1o un encuentro generacional y de educaci\u00f3n continua, el cual dijo, es un espacio que permite actualizar conocimientos y fortalecer lazos profesionales.<\/p>\n\n\n\n<p>Destac\u00f3 la oportunidad que representa este tipo de congresos para intercambiar experiencias y conocimientos entre las diversas generaciones de egresados y les dijo que, sin importar el tiempo, la Universidad Aut\u00f3noma de Coahuila siempre ser\u00e1 su casa.<\/p>\n\n\n\n<p>Por su parte, el director de Salud P\u00fablica Municipal de Torre\u00f3n, Jorge Mario Galv\u00e1n Zerme\u00f1o, resalt\u00f3 la trascendencia de la profesi\u00f3n odontol\u00f3gica, mencionando que &#8220;si alguien sabe reparar sonrisas, son ustedes&#8221;, al tiempo que celebr\u00f3 los logros que han posicionado a la Facultad de Odontolog\u00eda en los mejores niveles, tanto a nivel nacional como internacional.<\/p>\n\n\n\n<p>En su intervenci\u00f3n, el secretario administrativo de la Facultad de Odontolog\u00eda, Carlos Ricardo Nev\u00e1rez Vel\u00e1zquez, destac\u00f3 el objetivo del Congreso, el cual busca generar conciencia sobre los avances en t\u00e9cnicas y especialidades odontol\u00f3gicas, adem\u00e1s de inspirar a los futuros profesionales a alcanzar sus metas.<\/p>\n\n\n\n<p>Durante el Congreso, se abordaron temas para la pr\u00e1ctica y evoluci\u00f3n de los profesionales, desde la planificaci\u00f3n digital y la cirug\u00eda maxilofacial, hasta el<\/p>\n\n\n\n<p>diagn\u00f3stico, tratamientos y seguimiento a pacientes con labio y paladar hendido, adem\u00e1s de aspectos legales en la profesi\u00f3n.<\/p>\n","protected":false},"excerpt":{"rendered":"<p>TORRE\u00d3N, Coahuila. 14 de octubre de 2024. La Facultad de Odontolog\u00eda Unidad Laguna de la Universidad Aut\u00f3noma de Coahuila realiz\u00f3 el Congreso de Egresados 2024 \u201cRenovando lazos con ciencia y sonrisas\u201d, evento que reuni\u00f3 a profesionales y exalumnos de diversas generaciones con el prop\u00f3sito de compartir conocimientos y fortalecer v\u00ednculos. En el evento realizado en [&hellip;]<\/p>\n","protected":false},"author":1,"featured_media":10969,"comment_status":"open","ping_status":"open","sticky":false,"template":"","format":"standard","meta":{"_monsterinsights_skip_tracking":false,"_monsterinsights_sitenote_active":false,"_monsterinsights_sitenote_note":"","_monsterinsights_sitenote_category":0,"footnotes":""},"categories":[1],"tags":[],"_links":{"self":[{"href":"https:\/\/zonalimitrofe-cbnr.com\/index.php\/wp-json\/wp\/v2\/posts\/10968"}],"collection":[{"href":"https:\/\/zonalimitrofe-cbnr.com\/index.php\/wp-json\/wp\/v2\/posts"}],"about":[{"href":"https:\/\/zonalimitrofe-cbnr.com\/index.php\/wp-json\/wp\/v2\/types\/post"}],"author":[{"embeddable":true,"href":"https:\/\/zonalimitrofe-cbnr.com\/index.php\/wp-json\/wp\/v2\/users\/1"}],"replies":[{"embeddable":true,"href":"https:\/\/zonalimitrofe-cbnr.com\/index.php\/wp-json\/wp\/v2\/comments?post=10968"}],"version-history":[{"count":1,"href":"https:\/\/zonalimitrofe-cbnr.com\/index.php\/wp-json\/wp\/v2\/posts\/10968\/revisions"}],"predecessor-version":[{"id":10970,"href":"https:\/\/zonalimitrofe-cbnr.com\/index.php\/wp-json\/wp\/v2\/posts\/10968\/revisions\/10970"}],"wp:featuredmedia":[{"embeddable":true,"href":"https:\/\/zonalimitrofe-cbnr.com\/index.php\/wp-json\/wp\/v2\/media\/10969"}],"wp:attachment":[{"href":"https:\/\/zonalimitrofe-cbnr.com\/index.php\/wp-json\/wp\/v2\/media?parent=10968"}],"wp:term":[{"taxonomy":"category","embeddable":true,"href":"https:\/\/zonalimitrofe-cbnr.com\/index.php\/wp-json\/wp\/v2\/categories?post=10968"},{"taxonomy":"post_tag","embeddable":true,"href":"https:\/\/zonalimitrofe-cbnr.com\/index.php\/wp-json\/wp\/v2\/tags?post=10968"}],"curies":[{"name":"wp","href":"https:\/\/api.w.org\/{rel}","templated":true}]}}