{"id":10962,"date":"2024-10-13T16:03:47","date_gmt":"2024-10-13T22:03:47","guid":{"rendered":"https:\/\/zonalimitrofe-cbnr.com\/?p=10962"},"modified":"2024-10-13T16:03:47","modified_gmt":"2024-10-13T22:03:47","slug":"torreon-programa-de-radio-propicia-la-participacion-de-los-jovenes-de-torreon","status":"publish","type":"post","link":"https:\/\/zonalimitrofe-cbnr.com\/index.php\/2024\/10\/13\/torreon-programa-de-radio-propicia-la-participacion-de-los-jovenes-de-torreon\/","title":{"rendered":"#Torre\u00f3n. Programa de radio propicia la participaci\u00f3n de los j\u00f3venes de Torre\u00f3n"},"content":{"rendered":"\n<p>Torre\u00f3n, Coahuila a 13 de octubre de 2024.<\/p>\n\n\n\n<p>La Direcci\u00f3n de la Juventud a trav\u00e9s de Radio Torre\u00f3n, transmite un programa de mediante la frecuencia 93.6 FM, en el que se propicia la participaci\u00f3n de este sector de la poblaci\u00f3n en los diferentes temas que les ata\u00f1e como pol\u00edtica, salud mental, adicciones, entre otros.<\/p>\n\n\n\n<p>Se trata del programa de radio \u201cLa Voz Juvenil\u201d, que se transmite cada semana los mi\u00e9rcoles, de 16:00 a 17:00 horas.<\/p>\n\n\n\n<p>David Oswaldo Maldonado Serrano, encargado del despacho de la Direcci\u00f3n de la Juventud, dijo que el programa est\u00e1 enfocado en temas que son importantes para dicho sector y resalt\u00f3 que est\u00e1n en constante comunicaci\u00f3n con colectivos y personas interesadas en aportar su conocimiento.<br>Se\u00f1al\u00f3 que han tenido invitados que fomentan la participaci\u00f3n de los j\u00f3venes en la pol\u00edtica como fue durante el programa titulado \u201cEscuela Legislativa\u201d, en el que se promocion\u00f3 el Cabildo Juvenil.<br>Adem\u00e1s dijo que presentaron el diplomado \u201cJ\u00f3venes l\u00edderes de La Laguna\u201d, con la participaci\u00f3n de la asociaci\u00f3n civil del mismo nombre, que busca despertar el inter\u00e9s por dirigir una causa com\u00fan.<br>\u201cDurante el mes de septiembre tuvimos como invitado especial a Rodrigo Cigarroa Fern\u00e1ndez y se habl\u00f3 de su libro \u201cAnclas de amor\u201d, que trata del valor de encontrar una meta y prop\u00f3sito\u201d, coment\u00f3 el titular.<\/p>\n\n\n\n<p>Dijo que en \u201cLa Voz Juvenil\u201d tambi\u00e9n han abordado el tema de prevenci\u00f3n del suicidio con miembros del colectivo \u201cX Salud Mental\u201d.<\/p>\n\n\n\n<p>\u201cEstas actividades buscan concientizar y promover tambi\u00e9n la salud mental entre los j\u00f3venes, brindando contenci\u00f3n emocional y el apoyo para canalizar a quien lo requiera a las \u00e1reas competentes\u201d, detall\u00f3.<\/p>\n\n\n\n<p>Maldonado Serrano dijo que tambi\u00e9n tocan temas sobre el estilo de vida y alimentaci\u00f3n saludable, como fue el caso de la invitada Laura Cecilia Vel\u00e1zquez Ruiz.<br>Los colaboradores del programa de radio son: Fanny Mireles, Felipe Hern\u00e1ndez, Gabriela Recio y David Oswaldo Maldonado Serrano.<br>El funcionario exhort\u00f3 a los j\u00f3venes a acercarse a la Direcci\u00f3n de la Juventud para conocer sus necesidades, inquietudes y proyectos, y de esta manera fomentar e impulsar los procesos de empoderamiento y participaci\u00f3n.<\/p>\n","protected":false},"excerpt":{"rendered":"<p>Torre\u00f3n, Coahuila a 13 de octubre de 2024. La Direcci\u00f3n de la Juventud a trav\u00e9s de Radio Torre\u00f3n, transmite un programa de mediante la frecuencia 93.6 FM, en el que se propicia la participaci\u00f3n de este sector de la poblaci\u00f3n en los diferentes temas que les ata\u00f1e como pol\u00edtica, salud mental, adicciones, entre otros. Se [&hellip;]<\/p>\n","protected":false},"author":1,"featured_media":10963,"comment_status":"open","ping_status":"open","sticky":false,"template":"","format":"standard","meta":{"_monsterinsights_skip_tracking":false,"_monsterinsights_sitenote_active":false,"_monsterinsights_sitenote_note":"","_monsterinsights_sitenote_category":0,"footnotes":""},"categories":[1],"tags":[],"_links":{"self":[{"href":"https:\/\/zonalimitrofe-cbnr.com\/index.php\/wp-json\/wp\/v2\/posts\/10962"}],"collection":[{"href":"https:\/\/zonalimitrofe-cbnr.com\/index.php\/wp-json\/wp\/v2\/posts"}],"about":[{"href":"https:\/\/zonalimitrofe-cbnr.com\/index.php\/wp-json\/wp\/v2\/types\/post"}],"author":[{"embeddable":true,"href":"https:\/\/zonalimitrofe-cbnr.com\/index.php\/wp-json\/wp\/v2\/users\/1"}],"replies":[{"embeddable":true,"href":"https:\/\/zonalimitrofe-cbnr.com\/index.php\/wp-json\/wp\/v2\/comments?post=10962"}],"version-history":[{"count":1,"href":"https:\/\/zonalimitrofe-cbnr.com\/index.php\/wp-json\/wp\/v2\/posts\/10962\/revisions"}],"predecessor-version":[{"id":10964,"href":"https:\/\/zonalimitrofe-cbnr.com\/index.php\/wp-json\/wp\/v2\/posts\/10962\/revisions\/10964"}],"wp:featuredmedia":[{"embeddable":true,"href":"https:\/\/zonalimitrofe-cbnr.com\/index.php\/wp-json\/wp\/v2\/media\/10963"}],"wp:attachment":[{"href":"https:\/\/zonalimitrofe-cbnr.com\/index.php\/wp-json\/wp\/v2\/media?parent=10962"}],"wp:term":[{"taxonomy":"category","embeddable":true,"href":"https:\/\/zonalimitrofe-cbnr.com\/index.php\/wp-json\/wp\/v2\/categories?post=10962"},{"taxonomy":"post_tag","embeddable":true,"href":"https:\/\/zonalimitrofe-cbnr.com\/index.php\/wp-json\/wp\/v2\/tags?post=10962"}],"curies":[{"name":"wp","href":"https:\/\/api.w.org\/{rel}","templated":true}]}}