{"id":10959,"date":"2024-10-13T15:59:26","date_gmt":"2024-10-13T21:59:26","guid":{"rendered":"https:\/\/zonalimitrofe-cbnr.com\/?p=10959"},"modified":"2024-10-13T15:59:26","modified_gmt":"2024-10-13T21:59:26","slug":"gp-festejan-el-20-aniversario-del-asilo-de-ancianos-de-gomez-palacio","status":"publish","type":"post","link":"https:\/\/zonalimitrofe-cbnr.com\/index.php\/2024\/10\/13\/gp-festejan-el-20-aniversario-del-asilo-de-ancianos-de-gomez-palacio\/","title":{"rendered":"#GP. Festejan el 20 Aniversario del Asilo de Ancianos de G\u00f3mez Palacio*"},"content":{"rendered":"\n<p>+Recinto construido por la Se\u00f1ora Vilma Ale de Herrera, Presidenta Honoraria del DIF durante la primera administraci\u00f3n de la alcaldesa Leticia Herrera Ale<\/p>\n\n\n\n<p>El Ayuntamiento de G\u00f3mez Palacio, a trav\u00e9s del Sistema para el Desarrollo Integral de la Familia (DIF), devel\u00f3 una placa y realiz\u00f3 un convivio para celebrar los 20 a\u00f1os de creaci\u00f3n del Asilo de Ancianos, el cual desde su creaci\u00f3n ha brindado servicios de manera ininterrumpida en favor de los adultos mayores m\u00e1s vulnerables del municipio.<\/p>\n\n\n\n<p>Brenda Calder\u00f3n Carrete, directora del DIF y la primera regidora del Ayuntamiento, Claudia Gal\u00e1n Encerrado, en representaci\u00f3n de la Presidenta Municipal Leticia Herrera Ale, develaron la placa conmemorativa.<\/p>\n\n\n\n<p>Al hacer uso de la palabra Brenda Calder\u00f3n record\u00f3 que fue la se\u00f1ora Vilma Ale de Herrera, en su calidad de Presidenta Honoraria del DIF G\u00f3mez Palacio en el a\u00f1o 2004, quien durante la primera administraci\u00f3n de la Presidenta Municipal Leticia Herrera Ale, inaugur\u00f3 este recinto, el cual durante esta tercera administraci\u00f3n de la alcaldesa, ha sido remodelado de manera integral para brindar un servicio de mayor calidad a sus asilados.<\/p>\n\n\n\n<p>Calder\u00f3n Carrete destac\u00f3 la sensibilidad con que la se\u00f1ora Vilma Ale de Herrera y la Presidenta Municipal Leticia Herrera Ale, erigieron y fortalecieron este lugar, coloc\u00e1ndolo hoy, como uno de los mejores del estado. \u201cEsto nos llena de orgullo\u201d, expres\u00f3.<\/p>\n\n\n\n<p>Por su parte la primera regidora Claudia Gal\u00e1n Encerrado a nombre de la Presidenta Municipal Leticia Herrera Ale, exalt\u00f3 el trabajo que se ha realizado de manera ininterrumpida en el Asilo Municipal, pero sobre todo reconoci\u00f3 a la se\u00f1ora Vilma Herrera Ale su labor y su cari\u00f1o para los m\u00e1s vulnerables, pues fue su iniciativa el dejar un lugar digno, c\u00e1lido y seguro como este. \u201cHonor a quien honor merece\u201d, apunt\u00f3.<\/p>\n\n\n\n<p>A nombre de los 31 asilados, Raquelito, tambi\u00e9n asilada, agradeci\u00f3 a la alcaldesa Leticia Herrera Ale. \u201cEl que haya puesto hermoso nuestro hogar, las instalaciones quedaron como nuevas, adem\u00e1s los cuidados y alimentos que nos dan, nos gustan mucho, por todo eso le agradecemos todo su apoyo\u201d.<\/p>\n\n\n\n<p>Calder\u00f3n Carrete agradeci\u00f3 que instituciones como el Centro Universitario Triling\u00fce (CUT), se hayan sumado a la remodelaci\u00f3n del Asilo Municipal, en este caso a trav\u00e9s de la donaci\u00f3n de 2 mini splits, una pantalla de 75 pulgadas y una sala, para el \u00e1rea recreativa.<\/p>\n\n\n\n<p>Tambi\u00e9n destac\u00f3 que por indicaciones de la Presidenta Municipal el personal del asilo est\u00e1 en proceso de Certificaci\u00f3n de Competencias Laborales para Cuidadoras de Personas Adultas Mayores, lo cual repercutir\u00e1 en una mejora continua en la atenci\u00f3n brindada en este lugar.<\/p>\n\n\n\n<p>Al finalizar se llev\u00f3 a cabo un recorrido por el \u00e1rea de fisioterapia y la de juegos, as\u00ed como los dormitorios de hombres y de mujeres, todas reci\u00e9n remodeladas.<\/p>\n","protected":false},"excerpt":{"rendered":"<p>+Recinto construido por la Se\u00f1ora Vilma Ale de Herrera, Presidenta Honoraria del DIF durante la primera administraci\u00f3n de la alcaldesa Leticia Herrera Ale El Ayuntamiento de G\u00f3mez Palacio, a trav\u00e9s del Sistema para el Desarrollo Integral de la Familia (DIF), devel\u00f3 una placa y realiz\u00f3 un convivio para celebrar los 20 a\u00f1os de creaci\u00f3n del [&hellip;]<\/p>\n","protected":false},"author":1,"featured_media":10960,"comment_status":"open","ping_status":"open","sticky":false,"template":"","format":"standard","meta":{"_monsterinsights_skip_tracking":false,"_monsterinsights_sitenote_active":false,"_monsterinsights_sitenote_note":"","_monsterinsights_sitenote_category":0,"footnotes":""},"categories":[1],"tags":[],"_links":{"self":[{"href":"https:\/\/zonalimitrofe-cbnr.com\/index.php\/wp-json\/wp\/v2\/posts\/10959"}],"collection":[{"href":"https:\/\/zonalimitrofe-cbnr.com\/index.php\/wp-json\/wp\/v2\/posts"}],"about":[{"href":"https:\/\/zonalimitrofe-cbnr.com\/index.php\/wp-json\/wp\/v2\/types\/post"}],"author":[{"embeddable":true,"href":"https:\/\/zonalimitrofe-cbnr.com\/index.php\/wp-json\/wp\/v2\/users\/1"}],"replies":[{"embeddable":true,"href":"https:\/\/zonalimitrofe-cbnr.com\/index.php\/wp-json\/wp\/v2\/comments?post=10959"}],"version-history":[{"count":1,"href":"https:\/\/zonalimitrofe-cbnr.com\/index.php\/wp-json\/wp\/v2\/posts\/10959\/revisions"}],"predecessor-version":[{"id":10961,"href":"https:\/\/zonalimitrofe-cbnr.com\/index.php\/wp-json\/wp\/v2\/posts\/10959\/revisions\/10961"}],"wp:featuredmedia":[{"embeddable":true,"href":"https:\/\/zonalimitrofe-cbnr.com\/index.php\/wp-json\/wp\/v2\/media\/10960"}],"wp:attachment":[{"href":"https:\/\/zonalimitrofe-cbnr.com\/index.php\/wp-json\/wp\/v2\/media?parent=10959"}],"wp:term":[{"taxonomy":"category","embeddable":true,"href":"https:\/\/zonalimitrofe-cbnr.com\/index.php\/wp-json\/wp\/v2\/categories?post=10959"},{"taxonomy":"post_tag","embeddable":true,"href":"https:\/\/zonalimitrofe-cbnr.com\/index.php\/wp-json\/wp\/v2\/tags?post=10959"}],"curies":[{"name":"wp","href":"https:\/\/api.w.org\/{rel}","templated":true}]}}