{"id":10950,"date":"2024-10-13T15:46:48","date_gmt":"2024-10-13T21:46:48","guid":{"rendered":"https:\/\/zonalimitrofe-cbnr.com\/?p=10950"},"modified":"2024-10-13T15:46:49","modified_gmt":"2024-10-13T21:46:49","slug":"gp-invita-ayuntamiento-de-gomez-palacio-a-la-primera-edicion-del-coloquio-del-acordeon-en-la-laguna","status":"publish","type":"post","link":"https:\/\/zonalimitrofe-cbnr.com\/index.php\/2024\/10\/13\/gp-invita-ayuntamiento-de-gomez-palacio-a-la-primera-edicion-del-coloquio-del-acordeon-en-la-laguna\/","title":{"rendered":"#GP. Invita Ayuntamiento de G\u00f3mez Palacio a la primera edici\u00f3n del \u201cColoquio del Acorde\u00f3n en La Laguna\u201d*"},"content":{"rendered":"\n<p>El Ayuntamiento de G\u00f3mez Palacio, a trav\u00e9s de la Direcci\u00f3n de Arte y Cultura, invita a la comunidad a la primera edici\u00f3n del Coloquio del Acorde\u00f3n en La Laguna, centrado en el g\u00e9nero regional mexicano.<\/p>\n\n\n\n<p>Este evento se realizar\u00e1 el martes 15 de octubre, de 4:00 a 7:00 p.m., en el Centro de Convenciones Francisco Zarco. La entrada es gratuita, aunque es necesario revisar los requisitos de participaci\u00f3n, disponible tanto para oyentes como para participantes activos.<\/p>\n\n\n\n<p>Melissa Reuter P\u00e9rez, directora de Arte y Cultura, explic\u00f3 que el coloquio ser\u00e1 impartido por Jos\u00e9 Socorro Guzm\u00e1n Cepeda. Su objetivo es ofrecer a los m\u00fasicos locales herramientas para desarrollar su talento y mejorar su calidad art\u00edstica.<\/p>\n\n\n\n<p>La Presidenta Municipal Leticia Herrera Ale ha instruido realizar actividades que fortalezcan la cultura y que proporcionen un espacio para el desarrollo de habilidades art\u00edsticas. El evento contar\u00e1 con dos modalidades de participaci\u00f3n: como \u201coyente\u201d y con \u201cparticipaci\u00f3n activa\u201d.<\/p>\n\n\n\n<p>Los interesados en participar activamente deben ser mayores de 14 a\u00f1os, tener conocimientos b\u00e1sicos de m\u00fasica, contar con su propio instrumento, y enviar un video con la pieza musical a revisar. Para m\u00e1s informaci\u00f3n, pueden llamar al 871-241-8309 o enviar un correo a infoculturagp@gmail.com.<\/p>\n\n\n\n<p>Jos\u00e9 Socorro Guzm\u00e1n Cepeda es un m\u00fasico reconocido por su versatilidad y experiencia en varios g\u00e9neros musicales, y ha contribuido significativamente a la m\u00fasica regional mexicana tanto en M\u00e9xico como en Estados Unidos.<\/p>\n","protected":false},"excerpt":{"rendered":"<p>El Ayuntamiento de G\u00f3mez Palacio, a trav\u00e9s de la Direcci\u00f3n de Arte y Cultura, invita a la comunidad a la primera edici\u00f3n del Coloquio del Acorde\u00f3n en La Laguna, centrado en el g\u00e9nero regional mexicano. Este evento se realizar\u00e1 el martes 15 de octubre, de 4:00 a 7:00 p.m., en el Centro de Convenciones Francisco [&hellip;]<\/p>\n","protected":false},"author":1,"featured_media":10951,"comment_status":"open","ping_status":"open","sticky":false,"template":"","format":"standard","meta":{"_monsterinsights_skip_tracking":false,"_monsterinsights_sitenote_active":false,"_monsterinsights_sitenote_note":"","_monsterinsights_sitenote_category":0,"footnotes":""},"categories":[1],"tags":[],"_links":{"self":[{"href":"https:\/\/zonalimitrofe-cbnr.com\/index.php\/wp-json\/wp\/v2\/posts\/10950"}],"collection":[{"href":"https:\/\/zonalimitrofe-cbnr.com\/index.php\/wp-json\/wp\/v2\/posts"}],"about":[{"href":"https:\/\/zonalimitrofe-cbnr.com\/index.php\/wp-json\/wp\/v2\/types\/post"}],"author":[{"embeddable":true,"href":"https:\/\/zonalimitrofe-cbnr.com\/index.php\/wp-json\/wp\/v2\/users\/1"}],"replies":[{"embeddable":true,"href":"https:\/\/zonalimitrofe-cbnr.com\/index.php\/wp-json\/wp\/v2\/comments?post=10950"}],"version-history":[{"count":1,"href":"https:\/\/zonalimitrofe-cbnr.com\/index.php\/wp-json\/wp\/v2\/posts\/10950\/revisions"}],"predecessor-version":[{"id":10952,"href":"https:\/\/zonalimitrofe-cbnr.com\/index.php\/wp-json\/wp\/v2\/posts\/10950\/revisions\/10952"}],"wp:featuredmedia":[{"embeddable":true,"href":"https:\/\/zonalimitrofe-cbnr.com\/index.php\/wp-json\/wp\/v2\/media\/10951"}],"wp:attachment":[{"href":"https:\/\/zonalimitrofe-cbnr.com\/index.php\/wp-json\/wp\/v2\/media?parent=10950"}],"wp:term":[{"taxonomy":"category","embeddable":true,"href":"https:\/\/zonalimitrofe-cbnr.com\/index.php\/wp-json\/wp\/v2\/categories?post=10950"},{"taxonomy":"post_tag","embeddable":true,"href":"https:\/\/zonalimitrofe-cbnr.com\/index.php\/wp-json\/wp\/v2\/tags?post=10950"}],"curies":[{"name":"wp","href":"https:\/\/api.w.org\/{rel}","templated":true}]}}