{"id":10926,"date":"2024-10-12T15:08:42","date_gmt":"2024-10-12T21:08:42","guid":{"rendered":"https:\/\/zonalimitrofe-cbnr.com\/?p=10926"},"modified":"2024-10-12T15:08:42","modified_gmt":"2024-10-12T21:08:42","slug":"lerdo-conmemoran-532-aniversario-del-descubrimiento2-de-america-en-lerdo","status":"publish","type":"post","link":"https:\/\/zonalimitrofe-cbnr.com\/index.php\/2024\/10\/12\/lerdo-conmemoran-532-aniversario-del-descubrimiento2-de-america-en-lerdo\/","title":{"rendered":"#Lerdo. CONMEMORAN 532 ANIVERSARIO DEL DESCUBRIMIENTO2 DE AM\u00c9RICA EN LERDO*"},"content":{"rendered":"\n<p>Lerdo, 12 de octubre 2024.- El Gobierno Municipal de Lerdo a trav\u00e9s de la direcci\u00f3n de Educaci\u00f3n, conmemor\u00f3 el 532 aniversario del Descubrimiento de Am\u00e9rica, en la plaza principal frente al hasta de la bandera monumental, con un acto c\u00edvico y colocaci\u00f3n de ofrenda floral.<\/p>\n\n\n\n<p>La diputada Susy Torrecillas Salazar, invit\u00f3 a los presentes a sentirse orgullosos de vivir en el continente americano, reconociendo este acontecimiento en la historia como uno de los m\u00e1s importantes, y agradeci\u00f3 a los docentes por fomentar el aprendizaje de la cultura y la historia en los estudiantes, exhort\u00e1ndolos a creer en sus sue\u00f1os y trabajar por su educaci\u00f3n.<\/p>\n\n\n\n<p>\u201cSeguiremos trabajando fuertemente mi esposo, Homero Mart\u00ednez Cabrera y su servidora por las familias Lerdenses\u201d concluy\u00f3 su mensaje comprometi\u00e9ndose para seguir dando resultados a Lerdo.<\/p>\n\n\n\n<p>En representaci\u00f3n del Presidente Municipal Homero Mart\u00ednez Cabrera, Secretario T\u00e9cnico Ram\u00f3n Acosta Barrios, reconoci\u00f3 el trabajo y vocaci\u00f3n de servicio que ha distinguido a la gesti\u00f3n administrativa del Dr. Homero Mart\u00ednez Cabrera.<\/p>\n\n\n\n<p>Luego de los honores a la bandera y cantar al un\u00edsono el Himno Nacional Mexicano y el Himno de Durango, los alumnos del colegio primo verdad compartieron la rese\u00f1a hist\u00f3rica, en la que narraron el viaje del marino genov\u00e9s Crist\u00f3bal Col\u00f3n, quien viajaba y lideraba la expedici\u00f3n de las carabelas La Ni\u00f1a, La Pinta y La Santa Mar\u00eda, en busca de la India y mercanc\u00edas para comerciar, cuando lleg\u00f3 a Am\u00e9rica en 1492.<\/p>\n\n\n\n<p>Enseguida, presentaron el coro &#8220;Crist\u00f3bal Col\u00f3n&#8221;, y el grupo de danza folcl\u00f3rica particip\u00f3 con un cuadro del Estado de Durango. Para despu\u00e9s, concluir el acto c\u00edvico con la colocaci\u00f3n de ofrenda floral y guardia de honor bajo la bandera mexicana del asta monumental.<\/p>\n\n\n\n<p>Acompa\u00f1ando a la diputada por Lerdo y al Secretario T\u00e9cnico, se encontraba la Directora del Colegio Primo Verdad, Mar\u00eda Reyna Marcial; el Coordinador de Proyectos Estrat\u00e9gicos del Municipio, Ricardo Garc\u00eda Lazos; el Director de Tr\u00e1nsito y Vialidad, Francisco De Hoyos; la regidora Ana Mar\u00eda Dur\u00f3n; y el Director de Educaci\u00f3n y organizador del evento, Rom\u00e1n Alberto Herrera D\u00edaz.<\/p>\n","protected":false},"excerpt":{"rendered":"<p>Lerdo, 12 de octubre 2024.- El Gobierno Municipal de Lerdo a trav\u00e9s de la direcci\u00f3n de Educaci\u00f3n, conmemor\u00f3 el 532 aniversario del Descubrimiento de Am\u00e9rica, en la plaza principal frente al hasta de la bandera monumental, con un acto c\u00edvico y colocaci\u00f3n de ofrenda floral. La diputada Susy Torrecillas Salazar, invit\u00f3 a los presentes a [&hellip;]<\/p>\n","protected":false},"author":1,"featured_media":10927,"comment_status":"open","ping_status":"open","sticky":false,"template":"","format":"standard","meta":{"_monsterinsights_skip_tracking":false,"_monsterinsights_sitenote_active":false,"_monsterinsights_sitenote_note":"","_monsterinsights_sitenote_category":0,"footnotes":""},"categories":[1],"tags":[],"_links":{"self":[{"href":"https:\/\/zonalimitrofe-cbnr.com\/index.php\/wp-json\/wp\/v2\/posts\/10926"}],"collection":[{"href":"https:\/\/zonalimitrofe-cbnr.com\/index.php\/wp-json\/wp\/v2\/posts"}],"about":[{"href":"https:\/\/zonalimitrofe-cbnr.com\/index.php\/wp-json\/wp\/v2\/types\/post"}],"author":[{"embeddable":true,"href":"https:\/\/zonalimitrofe-cbnr.com\/index.php\/wp-json\/wp\/v2\/users\/1"}],"replies":[{"embeddable":true,"href":"https:\/\/zonalimitrofe-cbnr.com\/index.php\/wp-json\/wp\/v2\/comments?post=10926"}],"version-history":[{"count":1,"href":"https:\/\/zonalimitrofe-cbnr.com\/index.php\/wp-json\/wp\/v2\/posts\/10926\/revisions"}],"predecessor-version":[{"id":10928,"href":"https:\/\/zonalimitrofe-cbnr.com\/index.php\/wp-json\/wp\/v2\/posts\/10926\/revisions\/10928"}],"wp:featuredmedia":[{"embeddable":true,"href":"https:\/\/zonalimitrofe-cbnr.com\/index.php\/wp-json\/wp\/v2\/media\/10927"}],"wp:attachment":[{"href":"https:\/\/zonalimitrofe-cbnr.com\/index.php\/wp-json\/wp\/v2\/media?parent=10926"}],"wp:term":[{"taxonomy":"category","embeddable":true,"href":"https:\/\/zonalimitrofe-cbnr.com\/index.php\/wp-json\/wp\/v2\/categories?post=10926"},{"taxonomy":"post_tag","embeddable":true,"href":"https:\/\/zonalimitrofe-cbnr.com\/index.php\/wp-json\/wp\/v2\/tags?post=10926"}],"curies":[{"name":"wp","href":"https:\/\/api.w.org\/{rel}","templated":true}]}}