{"id":10920,"date":"2024-10-12T15:04:49","date_gmt":"2024-10-12T21:04:49","guid":{"rendered":"https:\/\/zonalimitrofe-cbnr.com\/?p=10920"},"modified":"2024-10-12T15:04:49","modified_gmt":"2024-10-12T21:04:49","slug":"durango-lecheros-de-la-laguna-reconocen-disminucion-de-incidencia-delictiva-en-el-gobierno-que-encabeza-esteban","status":"publish","type":"post","link":"https:\/\/zonalimitrofe-cbnr.com\/index.php\/2024\/10\/12\/durango-lecheros-de-la-laguna-reconocen-disminucion-de-incidencia-delictiva-en-el-gobierno-que-encabeza-esteban\/","title":{"rendered":"#Durango. LECHEROS DE LA LAGUNA RECONOCEN DISMINUCI\u00d3N DE INCIDENCIA DELICTIVA EN EL GOBIERNO QUE ENCABEZA ESTEBAN*"},"content":{"rendered":"\n<ul>\n<li>Gobierno de Esteban fortalece la comunicaci\u00f3n con el sector lechero de La Laguna, sostienen reuni\u00f3n con secretario de Seguridad P\u00fablica<\/li>\n<\/ul>\n\n\n\n<p>Comarca Lagunera.- Con el prop\u00f3sito de fortalecer la comunicaci\u00f3n y la coordinaci\u00f3n entre el gobierno que encabeza Esteban Villegas Villarreal y el sector lechero de La Laguna de Durango, en las instalaciones de la Casa de Gobierno se llev\u00f3 a cabo una reuni\u00f3n de trabajo encabezada por el comisionado de Seguridad P\u00fablica en el estado, \u00d3scar Galv\u00e1n Villarreal<br>Durante la sesi\u00f3n de trabajo, los productores de leche reconocieron que, en la administraci\u00f3n del gobernador, Esteban Villegas Villarreal, los \u00edndices delictivos en sus establos y el \u00e1rea rural de La Laguna de Durango han disminuido considerablemente, destacando tambi\u00e9n la atenci\u00f3n recibida en la Vicefiscal\u00eda para atender asuntos de su inter\u00e9s.<br>Al t\u00e9rmino de la reuni\u00f3n, \u00d3scar Galv\u00e1n Villarreal, indic\u00f3 que es de gran inter\u00e9s de Esteban Villegas Villarreal atender a todos los sectores de La Laguna y en esta ocasi\u00f3n sostuvo un encuentro con los productores de leche, donde estuvieron presentes el subsecretario General de Gobierno, Ra\u00fal Meraz Ram\u00edrez; el vicefiscal, Juan Francisco \u00c1ngeles Zapata; Joel Delgadillo Delgadillo, subsecretario de Agricultura, Ganader\u00eda y Desarrollo Rural (SAGDR), personal de la subsecretar\u00eda de Desarrollo Econ\u00f3mico (SEDECO); as\u00ed como del Comit\u00e9 de Sanidad Animal y de Movilizaci\u00f3n de Ganado en el estado de Durango; para ir desahogando temas pendientes.<br>\u201cUn estado seguro es un estado en desarrollo y hoy Durango es un estado seguro que tenemos que mantenerlo con la participaci\u00f3n de la sociedad; y en este caso, los representantes de las asociaciones ganaderas y los propios productores participan con la autoridad, respetando las leyes para que esto transcurra de manera coherente\u201d enfatiz\u00f3 el comisionado de Seguridad P\u00fablica en el Estado.<br>Durango se ubica entre los tres principales productores de leche de bovino en el pa\u00eds, junto con Jalisco y Coahuila, respectivamente; por lo que se considera a La Laguna, la principal cuenca lechera de M\u00e9xico, donde se producen diariamente m\u00e1s de cinco millones de litros de este producto; lo que se convierte en una actividad preponderante y estrat\u00e9gica para el gobierno de Esteban Villegas.<br>Al t\u00e9rmino de la reuni\u00f3n \u00d3scar Galv\u00e1n Villarreal indico: \u201cEstamos generando acuerdos, revisando los protocolos en el tema de la movilidad del ganado, ya que todo debe hacerse conforme a la legislaci\u00f3n, respetando el marco del derecho\u201d. Detall\u00f3 que se acord\u00f3 mantener estas sesiones de trabajo de forma peri\u00f3dica, as\u00ed como una comunicaci\u00f3n directa entre los productores y los funcionarios estatales para atender cualquier eventualidad.<br>En tanto que, los productores lecheros reconocieron la disminuci\u00f3n de delitos como robo, intrusi\u00f3n y otros que ocurr\u00edan frecuentemente en sus establos y que hoy con el trabajo de las corporaciones ha dejado de pasar, por lo que ya pueden realizar sus actividades laborales con la tranquilidad de no ser v\u00edctimas de delitos.<\/p>\n","protected":false},"excerpt":{"rendered":"<p>Comarca Lagunera.- Con el prop\u00f3sito de fortalecer la comunicaci\u00f3n y la coordinaci\u00f3n entre el gobierno que encabeza Esteban Villegas Villarreal y el sector lechero de La Laguna de Durango, en las instalaciones de la Casa de Gobierno se llev\u00f3 a cabo una reuni\u00f3n de trabajo encabezada por el comisionado de Seguridad P\u00fablica en el estado, [&hellip;]<\/p>\n","protected":false},"author":1,"featured_media":10921,"comment_status":"open","ping_status":"open","sticky":false,"template":"","format":"standard","meta":{"_monsterinsights_skip_tracking":false,"_monsterinsights_sitenote_active":false,"_monsterinsights_sitenote_note":"","_monsterinsights_sitenote_category":0,"footnotes":""},"categories":[1],"tags":[],"_links":{"self":[{"href":"https:\/\/zonalimitrofe-cbnr.com\/index.php\/wp-json\/wp\/v2\/posts\/10920"}],"collection":[{"href":"https:\/\/zonalimitrofe-cbnr.com\/index.php\/wp-json\/wp\/v2\/posts"}],"about":[{"href":"https:\/\/zonalimitrofe-cbnr.com\/index.php\/wp-json\/wp\/v2\/types\/post"}],"author":[{"embeddable":true,"href":"https:\/\/zonalimitrofe-cbnr.com\/index.php\/wp-json\/wp\/v2\/users\/1"}],"replies":[{"embeddable":true,"href":"https:\/\/zonalimitrofe-cbnr.com\/index.php\/wp-json\/wp\/v2\/comments?post=10920"}],"version-history":[{"count":1,"href":"https:\/\/zonalimitrofe-cbnr.com\/index.php\/wp-json\/wp\/v2\/posts\/10920\/revisions"}],"predecessor-version":[{"id":10922,"href":"https:\/\/zonalimitrofe-cbnr.com\/index.php\/wp-json\/wp\/v2\/posts\/10920\/revisions\/10922"}],"wp:featuredmedia":[{"embeddable":true,"href":"https:\/\/zonalimitrofe-cbnr.com\/index.php\/wp-json\/wp\/v2\/media\/10921"}],"wp:attachment":[{"href":"https:\/\/zonalimitrofe-cbnr.com\/index.php\/wp-json\/wp\/v2\/media?parent=10920"}],"wp:term":[{"taxonomy":"category","embeddable":true,"href":"https:\/\/zonalimitrofe-cbnr.com\/index.php\/wp-json\/wp\/v2\/categories?post=10920"},{"taxonomy":"post_tag","embeddable":true,"href":"https:\/\/zonalimitrofe-cbnr.com\/index.php\/wp-json\/wp\/v2\/tags?post=10920"}],"curies":[{"name":"wp","href":"https:\/\/api.w.org\/{rel}","templated":true}]}}