{"id":10909,"date":"2024-10-12T14:56:00","date_gmt":"2024-10-12T20:56:00","guid":{"rendered":"https:\/\/zonalimitrofe-cbnr.com\/?p=10909"},"modified":"2024-10-12T14:56:00","modified_gmt":"2024-10-12T20:56:00","slug":"lerdo-presente-en-4-encuentro-estatal-de-institutos-de-la-mujer","status":"publish","type":"post","link":"https:\/\/zonalimitrofe-cbnr.com\/index.php\/2024\/10\/12\/lerdo-presente-en-4-encuentro-estatal-de-institutos-de-la-mujer\/","title":{"rendered":"#LERDO, PRESENTE EN 4\u00b0 ENCUENTRO ESTATAL DE INSTITUTOS DE LA MUJER*"},"content":{"rendered":"\n<p>Lerdo, 12 de octubre 2024.- Representando el inter\u00e9s del municipio de Lerdo por reforzar las pol\u00edticas p\u00fablicas en equidad de g\u00e9nero, la directora del Instituto Municipal de la Mujer (IMM), Mar\u00eda del Refugio Adame G\u00fcereca, particip\u00f3 el jueves 10 y viernes 11 de octubre en el 4\u00b0 Encuentro Estatal de Fortalecimiento de Capacidades \u201cEnfoca tu valor\u201d, organizado por el Instituto Estatal de las Mujeres (IEM), que tuvo lugar en Durango Capital.<\/p>\n\n\n\n<p>Es as\u00ed que la titular del IMM Lerdo, aprovech\u00f3 para destacar el compromiso del Presidente Municipal Homero Mart\u00ednez Cabrera con el fortalecimiento de las capacidades y conocimientos del personal que atiende esta dependencia municipal, con el fin de garantizar los servicios adecuados y una atenci\u00f3n de calidad para las lerdenses.<\/p>\n\n\n\n<p>Durante las mesas de di\u00e1logo, se abordaron temas cruciales, como estrategias m\u00e1s eficaces en la atenci\u00f3n de mujeres y personas allegadas en situaciones de violencia, buenas pr\u00e1cticas de atenci\u00f3n interinstitucional a mujeres v\u00edctimas de violencia, y alerta de violencia de g\u00e9nero contra las mujeres.<\/p>\n\n\n\n<p>Adem\u00e1s, en el marco del \u201cPrograma para el Adelanto, Bienestar e Igualdad de las Mujeres\u201d, en este encuentro, se llev\u00f3 a cabo el cierre de modalidad presencial del diplomado en Pol\u00edtica P\u00fablica y Perspectiva de G\u00e9nero para las titulares de los institutos municipales de la mujer.<\/p>\n\n\n\n<p>Cabe se\u00f1alar que fue la directora general del IEM, Cindy Guadalupe Aguirre Dom\u00ednguez quien dio la bienvenida a las titulares de los diferentes institutos, y el arranque al programa, adem\u00e1s, hizo entrega de reconocimiento a las participantes del encuentro y diplomado, externando que el bienestar de las mujeres de todo el estado es prioridad para el Gobernador Esteban Villegas Villarreal.<\/p>\n","protected":false},"excerpt":{"rendered":"<p>Lerdo, 12 de octubre 2024.- Representando el inter\u00e9s del municipio de Lerdo por reforzar las pol\u00edticas p\u00fablicas en equidad de g\u00e9nero, la directora del Instituto Municipal de la Mujer (IMM), Mar\u00eda del Refugio Adame G\u00fcereca, particip\u00f3 el jueves 10 y viernes 11 de octubre en el 4\u00b0 Encuentro Estatal de Fortalecimiento de Capacidades \u201cEnfoca tu [&hellip;]<\/p>\n","protected":false},"author":1,"featured_media":10910,"comment_status":"open","ping_status":"open","sticky":false,"template":"","format":"standard","meta":{"_monsterinsights_skip_tracking":false,"_monsterinsights_sitenote_active":false,"_monsterinsights_sitenote_note":"","_monsterinsights_sitenote_category":0,"footnotes":""},"categories":[1],"tags":[],"_links":{"self":[{"href":"https:\/\/zonalimitrofe-cbnr.com\/index.php\/wp-json\/wp\/v2\/posts\/10909"}],"collection":[{"href":"https:\/\/zonalimitrofe-cbnr.com\/index.php\/wp-json\/wp\/v2\/posts"}],"about":[{"href":"https:\/\/zonalimitrofe-cbnr.com\/index.php\/wp-json\/wp\/v2\/types\/post"}],"author":[{"embeddable":true,"href":"https:\/\/zonalimitrofe-cbnr.com\/index.php\/wp-json\/wp\/v2\/users\/1"}],"replies":[{"embeddable":true,"href":"https:\/\/zonalimitrofe-cbnr.com\/index.php\/wp-json\/wp\/v2\/comments?post=10909"}],"version-history":[{"count":1,"href":"https:\/\/zonalimitrofe-cbnr.com\/index.php\/wp-json\/wp\/v2\/posts\/10909\/revisions"}],"predecessor-version":[{"id":10911,"href":"https:\/\/zonalimitrofe-cbnr.com\/index.php\/wp-json\/wp\/v2\/posts\/10909\/revisions\/10911"}],"wp:featuredmedia":[{"embeddable":true,"href":"https:\/\/zonalimitrofe-cbnr.com\/index.php\/wp-json\/wp\/v2\/media\/10910"}],"wp:attachment":[{"href":"https:\/\/zonalimitrofe-cbnr.com\/index.php\/wp-json\/wp\/v2\/media?parent=10909"}],"wp:term":[{"taxonomy":"category","embeddable":true,"href":"https:\/\/zonalimitrofe-cbnr.com\/index.php\/wp-json\/wp\/v2\/categories?post=10909"},{"taxonomy":"post_tag","embeddable":true,"href":"https:\/\/zonalimitrofe-cbnr.com\/index.php\/wp-json\/wp\/v2\/tags?post=10909"}],"curies":[{"name":"wp","href":"https:\/\/api.w.org\/{rel}","templated":true}]}}