{"id":10867,"date":"2024-10-11T14:32:52","date_gmt":"2024-10-11T20:32:52","guid":{"rendered":"https:\/\/zonalimitrofe-cbnr.com\/?p=10867"},"modified":"2024-10-11T14:32:53","modified_gmt":"2024-10-11T20:32:53","slug":"durango-para-escuchar-sin-barreras-entregan-marisol-y-esteban-aparatos-auditivos-con-el-apoyo-de-audiotech","status":"publish","type":"post","link":"https:\/\/zonalimitrofe-cbnr.com\/index.php\/2024\/10\/11\/durango-para-escuchar-sin-barreras-entregan-marisol-y-esteban-aparatos-auditivos-con-el-apoyo-de-audiotech\/","title":{"rendered":"#Durango. Para escuchar sin barreras, entregan Marisol y Esteban aparatos auditivos con el apoyo de Audiotech*"},"content":{"rendered":"\n<ul>\n<li><em>Estos aparatos llegan a quienes m\u00e1s lo necesitan con una inversi\u00f3n de un millon 290 mil pesos y un costo aproximado de 12 mil pesos por equipo.<\/em><\/li>\n<\/ul>\n\n\n\n<p>\u201cPara los ni\u00f1os, escuchar por primera vez su nombre o un \u2018te amo\u2019 de mam\u00e1, y para los adultos mayores o\u00edr la voz de sus nietos despu\u00e9s de muchos a\u00f1os de no poder hacerlo, es algo que cambia vidas\u201d, destac\u00f3 Marisol Rosso Rivera, presidenta de DIF Estatal, al entregar junto al gobernador Esteban Villegas Villarreal y el actor mexicano Ra\u00fal Araiza, 100 aparatos auditivos mediante la campa\u00f1a &#8220;Escucha sin barreras&#8221;.<\/p>\n\n\n\n<p>Villegas Villarreal, resalt\u00f3 la bondad de esta iniciativa, que busca mejorar la comunicaci\u00f3n y la interacci\u00f3n con el mundo de personas con discapacidad auditiva, al mencionar que, un adulto mayor que no escucha bien, se deprime y deja de hacer muchas cosas, mientras que, cuando los ni\u00f1os con este problema son atendidos, normalizan su vida y mejoran su aprendizaje.<\/p>\n\n\n\n<p>Al dar la bienvenida al Mandatario Estatal se\u00f1al\u00f3 que hoy en Durango se han realizado campa\u00f1a de pr\u00f3tesis oculares, de entrega de aparatos funcionales, de pr\u00f3tesis dentales para adultos mayores, de pr\u00f3tesis de mama, de cataratas y de atenci\u00f3n bari\u00e1trica.<\/p>\n\n\n\n<p>La p\u00e9rdida auditiva puede crear barreras en la comunicaci\u00f3n, de ah\u00ed la importancia de ofrecer la oportunidad de escuchar nuevamente, con aparatos adaptados a la necesidad de cada paciente en esta condici\u00f3n de vulnerabilidad.<\/p>\n\n\n\n<p>Audiotech, empresa especializada en soluciones auditivas, don\u00f3 estos aparatos con una inversi\u00f3n de un mill\u00f3n 290 mil pesos y un costo aproximado de 12 mil pesos por equipo. La empresa cuenta con 35 a\u00f1os de experiencia y 60 sucursales en M\u00e9xico.<\/p>\n\n\n\n<p>Imelda Canales, mam\u00e1 de la ni\u00f1a Milagros G\u00f3mez, expres\u00f3 unas palabras de agradecimiento para quienes hacen posible que su peque\u00f1a y otros pacientes, ahora puedan escuchar.<\/p>\n\n\n\n<p>Estuvo presente Ra\u00fal Araiza, actor y conductor de televisi\u00f3n, como testigo de honor, quien comparti\u00f3 c\u00f3mo su madre tambi\u00e9n recibi\u00f3 la ayuda de Audiotech, tras presentar un cuadro de tinnitus.<\/p>\n\n\n\n<p>Durante la jornada, se realizaron procesos de valoraci\u00f3n, audiometr\u00eda, programaci\u00f3n, adaptaci\u00f3n y entrega de aparatos a beneficiarios de Durango y G\u00f3mez Palacio. Adem\u00e1s, el gobernador Esteban Villegas y Marisol Rosso entregaron un reconocimiento a Audiotech, en manos de su CEO Alejandro Wladislavosky Shapiro, por su labor en favor de los m\u00e1s necesitados.<\/p>\n\n\n\n<p>A trav\u00e9s de la campa\u00f1a &#8220;Escucha sin barreras&#8221; se busca brindar oportunidades para que las personas con discapacidad auditiva para que puedan escuchar nuevamente y mejorar su calidad de vida. Es una acci\u00f3n con mucho valor, pero tambi\u00e9n con todo el coraz\u00f3n.<\/p>\n","protected":false},"excerpt":{"rendered":"<p>\u201cPara los ni\u00f1os, escuchar por primera vez su nombre o un \u2018te amo\u2019 de mam\u00e1, y para los adultos mayores o\u00edr la voz de sus nietos despu\u00e9s de muchos a\u00f1os de no poder hacerlo, es algo que cambia vidas\u201d, destac\u00f3 Marisol Rosso Rivera, presidenta de DIF Estatal, al entregar junto al gobernador Esteban Villegas Villarreal [&hellip;]<\/p>\n","protected":false},"author":1,"featured_media":10868,"comment_status":"open","ping_status":"open","sticky":false,"template":"","format":"standard","meta":{"_monsterinsights_skip_tracking":false,"_monsterinsights_sitenote_active":false,"_monsterinsights_sitenote_note":"","_monsterinsights_sitenote_category":0,"footnotes":""},"categories":[1],"tags":[],"_links":{"self":[{"href":"https:\/\/zonalimitrofe-cbnr.com\/index.php\/wp-json\/wp\/v2\/posts\/10867"}],"collection":[{"href":"https:\/\/zonalimitrofe-cbnr.com\/index.php\/wp-json\/wp\/v2\/posts"}],"about":[{"href":"https:\/\/zonalimitrofe-cbnr.com\/index.php\/wp-json\/wp\/v2\/types\/post"}],"author":[{"embeddable":true,"href":"https:\/\/zonalimitrofe-cbnr.com\/index.php\/wp-json\/wp\/v2\/users\/1"}],"replies":[{"embeddable":true,"href":"https:\/\/zonalimitrofe-cbnr.com\/index.php\/wp-json\/wp\/v2\/comments?post=10867"}],"version-history":[{"count":1,"href":"https:\/\/zonalimitrofe-cbnr.com\/index.php\/wp-json\/wp\/v2\/posts\/10867\/revisions"}],"predecessor-version":[{"id":10869,"href":"https:\/\/zonalimitrofe-cbnr.com\/index.php\/wp-json\/wp\/v2\/posts\/10867\/revisions\/10869"}],"wp:featuredmedia":[{"embeddable":true,"href":"https:\/\/zonalimitrofe-cbnr.com\/index.php\/wp-json\/wp\/v2\/media\/10868"}],"wp:attachment":[{"href":"https:\/\/zonalimitrofe-cbnr.com\/index.php\/wp-json\/wp\/v2\/media?parent=10867"}],"wp:term":[{"taxonomy":"category","embeddable":true,"href":"https:\/\/zonalimitrofe-cbnr.com\/index.php\/wp-json\/wp\/v2\/categories?post=10867"},{"taxonomy":"post_tag","embeddable":true,"href":"https:\/\/zonalimitrofe-cbnr.com\/index.php\/wp-json\/wp\/v2\/tags?post=10867"}],"curies":[{"name":"wp","href":"https:\/\/api.w.org\/{rel}","templated":true}]}}