{"id":10855,"date":"2024-10-10T19:29:47","date_gmt":"2024-10-11T01:29:47","guid":{"rendered":"https:\/\/zonalimitrofe-cbnr.com\/?p=10855"},"modified":"2024-10-10T19:29:48","modified_gmt":"2024-10-11T01:29:48","slug":"durango-con-obras-de-rehabilitacion-en-hospital-miguel-vallebueno-conmemoran-marisol-y-esteban-dia-internacional-de-salud-mental","status":"publish","type":"post","link":"https:\/\/zonalimitrofe-cbnr.com\/index.php\/2024\/10\/10\/durango-con-obras-de-rehabilitacion-en-hospital-miguel-vallebueno-conmemoran-marisol-y-esteban-dia-internacional-de-salud-mental\/","title":{"rendered":"#Durango. Con obras de rehabilitaci\u00f3n en hospital \u201cMiguel Vallebueno\u201d, conmemoran Marisol y Esteban, D\u00eda Internacional de Salud Mental*"},"content":{"rendered":"\n<p>\u2022<em>\u201cLo vamos a dejar al 100\u201d, asegura Gobernador al entregar primer etapa con una inversi\u00f3n de 33 millones de pesos.<\/em><\/p>\n\n\n\n<ul>\n<li><em>Obras de mejora incluyen \u00e1rea de paidopsiquiatr\u00eda, andadores, planta de tratamiento, domos en \u00e1rea com\u00fan y villas, \u00e1rea de telemedicina, entre otras.<\/em><\/li>\n<\/ul>\n\n\n\n<p>Vamos a dejar el Hospital de Salud Mental \u2018Miguel Vallebueno\u2019 al 100, asegur\u00f3 el gobernador Esteban Villegas Villarreal al conmemorar junto a su esposa Marisol Rosso, el D\u00eda Internacional de Salud Mental con la entrega de la obra de rehabilitaci\u00f3n y sustituci\u00f3n de las instalaciones en dicho espacio.<\/p>\n\n\n\n<p>\u201cYa empezamos a modernizar el hospital y lo vamos a terminar, para que est\u00e9 en las mejores condiciones y los pacientes tengan una atenci\u00f3n digna y adecuada seg\u00fan su padecimiento\u201d, dijo el Mandatario Estatal, al reiterar su compromiso para fortalecer el rubro de la salud mental, un tema que consider\u00f3, no puede esperar y se debe resolver al instante.<\/p>\n\n\n\n<p>La rehabilitaci\u00f3n incluy\u00f3 el \u00e1rea de paidopsiquiatr\u00eda, andadores, la planta de tratamiento, domo del \u00e1rea com\u00fan; telemedicina, domo de las villas, ba\u00f1os; direcci\u00f3n, estacionamiento y toda la red hidr\u00e1ulica, adem\u00e1s del sistema de riego de \u00e1reas verdes, fachada principal, la cl\u00ednica de atenci\u00f3n de emergencias y una ambulancia nueva, todo esto con una inversi\u00f3n de 33 millones de pesos, detall\u00f3 el Gobernador.<\/p>\n\n\n\n<p>\u201cNo hemos terminado, esta es la primera etapa, apenas estamos arrancando y faltan m\u00e1s \u00e1reas; en el 2025, yo le voy a meter otros 20 millones de pesos y as\u00ed cada a\u00f1o, para cuando yo salga de Gobernador, el hospital este al 100 por ciento, Durango se lo merece\u201d, sostuvo.<\/p>\n\n\n\n<p>La presidenta del DIF Estatal, Marisol Rosso, dijo que este es un d\u00eda muy especial, ya que es importante prevenir y atender, pero tambi\u00e9n dar un seguimiento a la salud mental, tal y como se hace en este hospital a sus pacientes; reconoci\u00f3 el trabajo y la perseverancia de la Directora para para mejorar las condiciones y, para conmemorar este d\u00eda, entreg\u00f3 material did\u00e1ctico para que los pacientes infantiles puedan llevar una terapia digna.<\/p>\n\n\n\n<p>La directora del Hospital de Salud Mental, Carolina Herrera Ortiz, reconoci\u00f3 la gesti\u00f3n del Gobernador y su inter\u00e9s por fortalecer la infraestructura, ya que antes parec\u00edan de la Segunda Guerra Mundial y hoy, se encuentran renovadas, lo que significa un cambio que da confianza; \u201ces mucho lo que se trabaj\u00f3, la cara del hospital es diferente, la calidez que tienen los usuarios y los familiares al entrar, es un cambio que te da confianza para dejar a las personas y familiares, y a tener claro que este es un espacio seguro para atenderse\u201d, expres\u00f3.<\/p>\n\n\n\n<p>El alcalde capitalino, Jos\u00e9 Antonio Ochoa, expuso que, la salud mental es prioridad para las pol\u00edticas p\u00fablicas de Gobierno y que desde el municipio se apoya, para que la gente y los usuarios de este hospital, se sientan c\u00f3modos y cuenten con la atenci\u00f3n, ya que despu\u00e9s de 38 a\u00f1os se servicio, tendr\u00e1n un espacio digno y de calidad, con \u00e1reas especializadas para atender a los pacientes.<\/p>\n\n\n\n<p>Adicionalmente, el Gobernador invit\u00f3 a todos los especialistas en salud mental a crear una campa\u00f1a para eliminar el estigma de atenderse con un psiquiatra o psic\u00f3logo, para que la gente lo vea como una rama de la medicina; \u201cvale la pena que entre todos busquemos estrategias ya que cuando se trata a tiempo, el tema de salud mental, es curable\u201d, consider\u00f3.<\/p>\n\n\n\n<p>Cabe resaltar que dicho hospital nunca se hab\u00eda pintado en su totalidad, no se contaba con ambulancia y se ten\u00edan muchas carencias, mismas que ahora con el apoyo del Gobierno del Estado, se han logrado transformar para que los pacientes, m\u00e9dicos, enfermeras y personal de salud, disfruten de un espacio digno, seguro y moderno.<\/p>\n","protected":false},"excerpt":{"rendered":"<p>\u2022\u201cLo vamos a dejar al 100\u201d, asegura Gobernador al entregar primer etapa con una inversi\u00f3n de 33 millones de pesos. Vamos a dejar el Hospital de Salud Mental \u2018Miguel Vallebueno\u2019 al 100, asegur\u00f3 el gobernador Esteban Villegas Villarreal al conmemorar junto a su esposa Marisol Rosso, el D\u00eda Internacional de Salud Mental con la entrega [&hellip;]<\/p>\n","protected":false},"author":1,"featured_media":10856,"comment_status":"open","ping_status":"open","sticky":false,"template":"","format":"standard","meta":{"_monsterinsights_skip_tracking":false,"_monsterinsights_sitenote_active":false,"_monsterinsights_sitenote_note":"","_monsterinsights_sitenote_category":0,"footnotes":""},"categories":[1],"tags":[],"_links":{"self":[{"href":"https:\/\/zonalimitrofe-cbnr.com\/index.php\/wp-json\/wp\/v2\/posts\/10855"}],"collection":[{"href":"https:\/\/zonalimitrofe-cbnr.com\/index.php\/wp-json\/wp\/v2\/posts"}],"about":[{"href":"https:\/\/zonalimitrofe-cbnr.com\/index.php\/wp-json\/wp\/v2\/types\/post"}],"author":[{"embeddable":true,"href":"https:\/\/zonalimitrofe-cbnr.com\/index.php\/wp-json\/wp\/v2\/users\/1"}],"replies":[{"embeddable":true,"href":"https:\/\/zonalimitrofe-cbnr.com\/index.php\/wp-json\/wp\/v2\/comments?post=10855"}],"version-history":[{"count":1,"href":"https:\/\/zonalimitrofe-cbnr.com\/index.php\/wp-json\/wp\/v2\/posts\/10855\/revisions"}],"predecessor-version":[{"id":10857,"href":"https:\/\/zonalimitrofe-cbnr.com\/index.php\/wp-json\/wp\/v2\/posts\/10855\/revisions\/10857"}],"wp:featuredmedia":[{"embeddable":true,"href":"https:\/\/zonalimitrofe-cbnr.com\/index.php\/wp-json\/wp\/v2\/media\/10856"}],"wp:attachment":[{"href":"https:\/\/zonalimitrofe-cbnr.com\/index.php\/wp-json\/wp\/v2\/media?parent=10855"}],"wp:term":[{"taxonomy":"category","embeddable":true,"href":"https:\/\/zonalimitrofe-cbnr.com\/index.php\/wp-json\/wp\/v2\/categories?post=10855"},{"taxonomy":"post_tag","embeddable":true,"href":"https:\/\/zonalimitrofe-cbnr.com\/index.php\/wp-json\/wp\/v2\/tags?post=10855"}],"curies":[{"name":"wp","href":"https:\/\/api.w.org\/{rel}","templated":true}]}}