{"id":10795,"date":"2024-10-09T18:19:10","date_gmt":"2024-10-10T00:19:10","guid":{"rendered":"https:\/\/zonalimitrofe-cbnr.com\/?p=10795"},"modified":"2024-10-09T18:19:11","modified_gmt":"2024-10-10T00:19:11","slug":"coahuila-construir-un-verdadero-federalismo-requiere-que-los-poderes-publicos-sean-aliados-entre-si-para-la-salud-de-la-republica-y-unidad-del-pais-riquelme","status":"publish","type":"post","link":"https:\/\/zonalimitrofe-cbnr.com\/index.php\/2024\/10\/09\/coahuila-construir-un-verdadero-federalismo-requiere-que-los-poderes-publicos-sean-aliados-entre-si-para-la-salud-de-la-republica-y-unidad-del-pais-riquelme\/","title":{"rendered":"#Coahuila. CONSTRUIR UN VERDADERO FEDERALISMO, REQUIERE QUE LOS PODERES P\u00daBLICOS SEAN ALIADOS ENTRE S\u00cd, PARA LA SALUD DE LA REPUBLICA Y UNIDAD DEL PAIS: RIQUELME"},"content":{"rendered":"\n<ul>\n<li>Es prioritario proveer a los gobiernos estatales de las herramientas institucionales, administrativas, pol\u00edticas y econ\u00f3micas que les permitan desplegar su potencial de desarrollo y crecimiento conforme a sus requerimientos y condiciones.<\/li>\n<\/ul>\n\n\n\n<p>*Qued\u00f3 instalada la Comisi\u00f3n de Federalismo de la LXVI Legislatura, en el Senado de la Rep\u00fablica que preside el Senador por Coahuila del PRI.<\/p>\n\n\n\n<p>Ciudad de M\u00e9xico; 09 de Octubre del 2024.- El Senador de la Rep\u00fablica por Coahuila del PRI, Miguel \u00c1ngel Riquelme Sol\u00eds declar\u00f3 que fortalecer en consenso, un renovado Pacto Federal acorde a los tiempos actuales de M\u00e9xico en el que se requiere reforzar financieramente a las regiones y en respuesta a las genuinas demandas de los gobiernos de las entidades federativas y de los municipios del pa\u00eds, es un objetivo en el que pondr\u00e1 todo su empe\u00f1o, conocimiento y experiencia.<\/p>\n\n\n\n<p>Esta ma\u00f1ana en el Senado de la Rep\u00fablica, en la instalaci\u00f3n de la Comisi\u00f3n de Federalismo de la LXVI Legislatura, que preside el Senador coahuilense, expres\u00f3 que: \u201cLos poderes p\u00fablicos, m\u00e1s all\u00e1 de permanecer subordinados a las instancias con mayores recursos materiales y pol\u00edticos, tienen que ser aliados entre s\u00ed para construir un verdadero federalismo\u201d.<\/p>\n\n\n\n<p>A su vez, en el marco de un mundo globalizado en el que M\u00e9xico ha tenido una transici\u00f3n del \u201cfederalismo dual\u201d al de orden \u201ccooperativo\u201d con la concurrencia y colaboraci\u00f3n entre los \u00f3rdenes de gobierno y los poderes del estado, \u201ces prioritario proveer a los gobiernos estatales de las herramientas institucionales, administrativas, pol\u00edticas y econ\u00f3micas que les permitan desplegar su potencial de desarrollo y crecimiento conforme los requerimientos y condiciones de orden local\u201d, expres\u00f3 Riquelme en su intervenci\u00f3n como presidente de la Comisi\u00f3n de Federalismo.<\/p>\n\n\n\n<p>Es por eso que en su mensaje, refiri\u00f3 que: \u201c el sistema hacendario de nuestro pa\u00eds exige recobrar las bases m\u00e1s s\u00f3lidas que generen mayor crecimiento, menos pobreza, menos desigualdad y un mayor equilibrio entre las partes del Pacto Federal a favor de la salud de la rep\u00fablica y de la unidad del pa\u00eds\u201d.<\/p>\n\n\n\n<p>Durante la instalaci\u00f3n de la Comisi\u00f3n, el tambi\u00e9n ex gobernador de Coahuila, expres\u00f3 que: \u201c uno de los mayores orgullos que tenemos en mi tierra Coahuila es haber sido cuna, de mujeres y hombres que tanto han dado a M\u00e9xico, de un hombre visionario, de un estadista y un patriota, el doctor Miguel Ramos Arizpe, a quien con justicia se le ha llamado, \u201cel padre del federalismo\u201d.<\/p>\n\n\n\n<p>Los trabajos de la Comisi\u00f3n de Federalismo tienen como objetivo principal consolidar las instituciones pol\u00edticas de los tres \u00e1mbitos de gobierno, con el \u00e1nimo de fortalecer la coordinaci\u00f3n y erradicar la subordinaci\u00f3n entre aquellos, asegur\u00f3 el senador del Grupo Parlamentario del PRI.<\/p>\n\n\n\n<p>A\u00f1adi\u00f3 que, entre los prop\u00f3sitos centrales de la Comisi\u00f3n, est\u00e1 la construcci\u00f3n de los mecanismos que permitan dotar de mayores recursos a los Estados y municipios; as\u00ed como de generar aut\u00e9nticos espacios de decisi\u00f3n local.<\/p>\n\n\n\n<p>Dentro de la orden del d\u00eda y en el espacio para la intervenci\u00f3n de los integrantes de la Comisi\u00f3n, el senador Manlio Fabio Beltrones, dijo que \u201c a nombre del Federalismo se centralizan cada vez m\u00e1s las decisiones en este pa\u00eds y sufren en primer lugar los ayuntamientos y las comunidades donde hay mucha autoridad y pocos recursos. Sufren en primer lugar los municipios y luego los gobiernos estatales. El paso exitoso de Amalia y de Riquelme por Zacatecas y Coahuila, pueden ejemplificar lo que ustedes pueden llevar a sus estados\u201d.<\/p>\n\n\n\n<p>\u201cSi no logramos darle un nuevo giro al Federalismo, creo que nuestra presencia aqu\u00ed, vendr\u00e1 a ser simplemente testimonial\u201d, subray\u00f3 el senador por Sonora.<\/p>\n\n\n\n<p>La Comisi\u00f3n de Federalismo, est\u00e1 integrada por 9 integrantes: Miguel \u00c1ngel Riquelme Sol\u00eds PRI; Luisa Cort\u00e9s Garc\u00eda MORENA ; Higinio Mart\u00ednez Miranda MORENA; Mariela Guti\u00e9rrez Escalante MORENA; Jos\u00e9 Sabino Herrera Dagdug MORENA; Mar\u00eda de Jes\u00fas D\u00edaz Marmolejo PAN; Anabell \u00c1valos Zempoalteca PRI; Manlio Fabio Beltrones Rivera y Amalia Dolores Garc\u00eda Medina de Movimiento Ciudadano.<\/p>\n\n\n\n<p>Miguel Riquelme Sol\u00eds, participa tambi\u00e9n como integrante de la Comisi\u00f3n de Seguridad que quedar\u00eda instalada este mi\u00e9rcoles en la tarde.<\/p>\n","protected":false},"excerpt":{"rendered":"<p>*Qued\u00f3 instalada la Comisi\u00f3n de Federalismo de la LXVI Legislatura, en el Senado de la Rep\u00fablica que preside el Senador por Coahuila del PRI. Ciudad de M\u00e9xico; 09 de Octubre del 2024.- El Senador de la Rep\u00fablica por Coahuila del PRI, Miguel \u00c1ngel Riquelme Sol\u00eds declar\u00f3 que fortalecer en consenso, un renovado Pacto Federal acorde [&hellip;]<\/p>\n","protected":false},"author":1,"featured_media":10796,"comment_status":"open","ping_status":"open","sticky":false,"template":"","format":"standard","meta":{"_monsterinsights_skip_tracking":false,"_monsterinsights_sitenote_active":false,"_monsterinsights_sitenote_note":"","_monsterinsights_sitenote_category":0,"footnotes":""},"categories":[1],"tags":[],"_links":{"self":[{"href":"https:\/\/zonalimitrofe-cbnr.com\/index.php\/wp-json\/wp\/v2\/posts\/10795"}],"collection":[{"href":"https:\/\/zonalimitrofe-cbnr.com\/index.php\/wp-json\/wp\/v2\/posts"}],"about":[{"href":"https:\/\/zonalimitrofe-cbnr.com\/index.php\/wp-json\/wp\/v2\/types\/post"}],"author":[{"embeddable":true,"href":"https:\/\/zonalimitrofe-cbnr.com\/index.php\/wp-json\/wp\/v2\/users\/1"}],"replies":[{"embeddable":true,"href":"https:\/\/zonalimitrofe-cbnr.com\/index.php\/wp-json\/wp\/v2\/comments?post=10795"}],"version-history":[{"count":1,"href":"https:\/\/zonalimitrofe-cbnr.com\/index.php\/wp-json\/wp\/v2\/posts\/10795\/revisions"}],"predecessor-version":[{"id":10797,"href":"https:\/\/zonalimitrofe-cbnr.com\/index.php\/wp-json\/wp\/v2\/posts\/10795\/revisions\/10797"}],"wp:featuredmedia":[{"embeddable":true,"href":"https:\/\/zonalimitrofe-cbnr.com\/index.php\/wp-json\/wp\/v2\/media\/10796"}],"wp:attachment":[{"href":"https:\/\/zonalimitrofe-cbnr.com\/index.php\/wp-json\/wp\/v2\/media?parent=10795"}],"wp:term":[{"taxonomy":"category","embeddable":true,"href":"https:\/\/zonalimitrofe-cbnr.com\/index.php\/wp-json\/wp\/v2\/categories?post=10795"},{"taxonomy":"post_tag","embeddable":true,"href":"https:\/\/zonalimitrofe-cbnr.com\/index.php\/wp-json\/wp\/v2\/tags?post=10795"}],"curies":[{"name":"wp","href":"https:\/\/api.w.org\/{rel}","templated":true}]}}