{"id":10773,"date":"2024-10-09T15:24:48","date_gmt":"2024-10-09T21:24:48","guid":{"rendered":"https:\/\/zonalimitrofe-cbnr.com\/?p=10773"},"modified":"2024-10-09T15:24:48","modified_gmt":"2024-10-09T21:24:48","slug":"lerdo-se-ilumina-de-rosa-en-mes-de-la-lucha-contra-el-cancer-de-mama","status":"publish","type":"post","link":"https:\/\/zonalimitrofe-cbnr.com\/index.php\/2024\/10\/09\/lerdo-se-ilumina-de-rosa-en-mes-de-la-lucha-contra-el-cancer-de-mama\/","title":{"rendered":"#LERDO SE ILUMINA DE ROSA EN MES DE LA LUCHA CONTRA EL C\u00c1NCER DE MAMA*"},"content":{"rendered":"\n<p>Lerdo, 09 de octubre 2024.- La noche del pasado martes, los emblem\u00e1ticos edificios del Municipio de Lerdo, se iluminaron de color rosa, para conmemorar el D\u00eda Mundial contra el c\u00e1ncer de mama que se celebra el 19 de octubre. El Alcalde Homero Mart\u00ednez Cabrera, realiz\u00f3 el encendido en la Presidencia Municipal, sobre el Paseo Sarabia.<\/p>\n\n\n\n<p>Cientos de ciudadanos se sumaron a esta iniciativa y presenciaron el momento en el que los edificios de Gobierno, como la Presidencia, la Unidad Administrativa de Catastro y Jur\u00eddico, as\u00ed como el Museo Avi\u00f3n de Sarabia, se pintaron de rosa, color caracter\u00edstico en el mes de octubre para sensibilizar a la poblaci\u00f3n sobre la importancia de la detecci\u00f3n temprana, el diagn\u00f3stico oportuno y el tratamiento adecuado del c\u00e1ncer de mama.<\/p>\n\n\n\n<p>El Presidente Municipal Homero Mart\u00ednez exhort\u00f3 a las y los lerdenses para acercarse al Instituto Municipal de la Mujer (IMM) y recibir asesor\u00eda para una correcta autoexploraci\u00f3n o, si se es mayor de 40 a\u00f1os, registrarse para la mastograf\u00eda, pues, si esta enfermedad es detectada a tiempo, se tiene un 95% de probabilidades de sobrevivir. Aclar\u00f3 que todos los servicios que se brindan a trav\u00e9s de esta dependencia municipal son meramente gratuitos.<\/p>\n\n\n\n<p>\u201cYo les invitar\u00eda con todo respeto a la poblaci\u00f3n, a que se acerquen a las instituciones de salud para hacerse las revisiones pertinentes que puedan dar un diagn\u00f3stico a tiempo de este padecimiento y a seguir las recomendaciones de los expertos en el tema de la autoexploraci\u00f3n \u201d<\/p>\n\n\n\n<p>Por su parte, la directora del IMM, Mar\u00eda del Refugio Adame G\u00fcereca, record\u00f3 que Octubre es el mes del c\u00e1ncer de mama, y sirve como un recordatorio del compromiso de la sociedad en la lucha contra este tumor, y se celebra la esperanza de vida de las mujeres que luchan por vivir.<\/p>\n\n\n\n<p>Tan solo en M\u00e9xico, el c\u00e1ncer de mama es la tercera causa de muerte, fallecen por esta enfermedad 685 mil personas al a\u00f1o, 14 de cada cien mexicanos. A nivel mundial, se estiman 20 millones de casos nuevos y 10 millones de muertes por esta enfermedad.<\/p>\n\n\n\n<p>La se\u00f1ora Almendra Guadalupe Moreno Cebri\u00e1n, comparti\u00f3 su testimonio de vida al ser v\u00edctima del c\u00e1ncer de mama; diagnosticada en enero del a\u00f1o 2020, a sus 43 a\u00f1os, con c\u00e1ncer en etapa 3, el procedimiento const\u00f3 de 8 quimioterapias, la operaci\u00f3n para quitar la mama y 26 radiaciones \u201cpor mi mente pas\u00f3 un sentimiento de tristeza, de dolor, incertidumbre y mucho miedo\u201d expres\u00f3.<\/p>\n\n\n\n<p>Con el apoyo de la asociaci\u00f3n Mujeres Salvando Mujeres, la se\u00f1ora Almendra recibi\u00f3 el apoyo psicol\u00f3gico, f\u00edsico que en ese momento requer\u00eda. \u201cHoy puedo decir que estoy libre de c\u00e1ncer, me siguen haciendo mis chequeos cada 6 meses, no pierdo ninguna cita con el m\u00e9dico\u201d<\/p>\n\n\n\n<p>La se\u00f1ora Moreno Cebri\u00e1n exhort\u00f3 a las mujeres para realizarse sus chequeos correspondientes sin miedo.<\/p>\n\n\n\n<p>En este evento, se cont\u00f3 con la distinguida presencia de la Dra. Melissa Melania Feregrino, en representaci\u00f3n del Coronel de Infanter\u00eda del Estado Mayor Fernando Rosas; el Segundo Subinspector Juan Bernardo Bola\u00f1os, comandante de la 148\u00aa Compa\u00f1+ia de la Guardia Nacional; Secretario T\u00e9cnico de Seguridad y Protecci\u00f3n Ciudadana, Luis Alfredo Estala Soto; Coordinadora de los Agentes del Ministerio P\u00fablico de la Unidad de Delitos contra la Familia y Delitos Sexuales; Lourdes Yadira Padilla; la S\u00edndico Municipal Alina Arlette Rivera, regidores, directivos y funcionarios del Ayuntamiento de Lerdo, DIF y regi\u00f3n Laguna, as\u00ed como ciudadan\u00eda en general.<\/p>\n","protected":false},"excerpt":{"rendered":"<p>Lerdo, 09 de octubre 2024.- La noche del pasado martes, los emblem\u00e1ticos edificios del Municipio de Lerdo, se iluminaron de color rosa, para conmemorar el D\u00eda Mundial contra el c\u00e1ncer de mama que se celebra el 19 de octubre. El Alcalde Homero Mart\u00ednez Cabrera, realiz\u00f3 el encendido en la Presidencia Municipal, sobre el Paseo Sarabia. [&hellip;]<\/p>\n","protected":false},"author":1,"featured_media":10774,"comment_status":"open","ping_status":"open","sticky":false,"template":"","format":"standard","meta":{"_monsterinsights_skip_tracking":false,"_monsterinsights_sitenote_active":false,"_monsterinsights_sitenote_note":"","_monsterinsights_sitenote_category":0,"footnotes":""},"categories":[1],"tags":[],"_links":{"self":[{"href":"https:\/\/zonalimitrofe-cbnr.com\/index.php\/wp-json\/wp\/v2\/posts\/10773"}],"collection":[{"href":"https:\/\/zonalimitrofe-cbnr.com\/index.php\/wp-json\/wp\/v2\/posts"}],"about":[{"href":"https:\/\/zonalimitrofe-cbnr.com\/index.php\/wp-json\/wp\/v2\/types\/post"}],"author":[{"embeddable":true,"href":"https:\/\/zonalimitrofe-cbnr.com\/index.php\/wp-json\/wp\/v2\/users\/1"}],"replies":[{"embeddable":true,"href":"https:\/\/zonalimitrofe-cbnr.com\/index.php\/wp-json\/wp\/v2\/comments?post=10773"}],"version-history":[{"count":1,"href":"https:\/\/zonalimitrofe-cbnr.com\/index.php\/wp-json\/wp\/v2\/posts\/10773\/revisions"}],"predecessor-version":[{"id":10775,"href":"https:\/\/zonalimitrofe-cbnr.com\/index.php\/wp-json\/wp\/v2\/posts\/10773\/revisions\/10775"}],"wp:featuredmedia":[{"embeddable":true,"href":"https:\/\/zonalimitrofe-cbnr.com\/index.php\/wp-json\/wp\/v2\/media\/10774"}],"wp:attachment":[{"href":"https:\/\/zonalimitrofe-cbnr.com\/index.php\/wp-json\/wp\/v2\/media?parent=10773"}],"wp:term":[{"taxonomy":"category","embeddable":true,"href":"https:\/\/zonalimitrofe-cbnr.com\/index.php\/wp-json\/wp\/v2\/categories?post=10773"},{"taxonomy":"post_tag","embeddable":true,"href":"https:\/\/zonalimitrofe-cbnr.com\/index.php\/wp-json\/wp\/v2\/tags?post=10773"}],"curies":[{"name":"wp","href":"https:\/\/api.w.org\/{rel}","templated":true}]}}