{"id":10749,"date":"2024-10-08T15:17:14","date_gmt":"2024-10-08T21:17:14","guid":{"rendered":"https:\/\/zonalimitrofe-cbnr.com\/?p=10749"},"modified":"2024-10-08T15:17:14","modified_gmt":"2024-10-08T21:17:14","slug":"lerdo-dan-arranque-en-lerdo-a-programa-ruta-rosa-de-la-salud","status":"publish","type":"post","link":"https:\/\/zonalimitrofe-cbnr.com\/index.php\/2024\/10\/08\/lerdo-dan-arranque-en-lerdo-a-programa-ruta-rosa-de-la-salud\/","title":{"rendered":"#Lerdo. DAN ARRANQUE EN LERDO A PROGRAMA RUTA ROSA DE LA SALUD*"},"content":{"rendered":"\n<p>Lerdo, 08 de octubre 2024.- La directora del Sistema para el Desarrollo Integral de la Familia (DIF) en Lerdo, Ivonne Guti\u00e9rrez, acompa\u00f1\u00f3 este martes a Carmen Arrieta, directora general del DIF Durango en la colonia C\u00e9sar G. Meraz, para dar inicio al programa estatal \u201cRuta Rosa de la Salud, brigadas con valores&#8221;, en Lerdo.<\/p>\n\n\n\n<p>Mediante este programa se trasladan unidades m\u00e9dicas m\u00f3viles a las diferentes comunidades del estado, ofreciendo m\u00e1s de 15 servicios a los ciudadanos (sin importar si son derechohabientes o no): laboratorios, pruebas de embarazo, de pr\u00f3stata, de orina, papanicolaou, rayos X, ultrasonido p\u00e9lvico y mamario, electrocardiogramas, examen de la vista, atenci\u00f3n psicol\u00f3gica, orientaci\u00f3n nutricional y m\u00e1s.<\/p>\n\n\n\n<p>Ivonne Guti\u00e9rrez reconoci\u00f3 la coordinaci\u00f3n existente entre el Presidente Municipal Homero Mart\u00ednez Cabrera y la presidenta honoraria del DIF Lerdo, la diputada Susy Torrecillas Salazar, con el Gobernador Esteban Villegas y la se\u00f1ora Marisol Rosso, presidenta estatal del DIF, trabajando de la mano por el bienestar de los ciudadanos de Lerdo.<\/p>\n\n\n\n<p>Por su parte, la directora general de DIF Durango, Carmen Arrieta, se\u00f1al\u00f3 que las autoridades estatales est\u00e1n comprometidas para garantizar que los servicios de salud sean totalmente gratuitos para los habitantes de Lerdo, a trav\u00e9s de estas unidades m\u00f3viles, y continuar reforzando las actividades en materia de salud en sinergia con las autoridades municipales.<\/p>\n\n\n\n<p>En este evento de arranque tambi\u00e9n se cont\u00f3 con la participaci\u00f3n de Ana Cecilia Mon\u00e1rrez, subdirectora DIF Estatal Regi\u00f3n Laguna; y Jesus Alvarado, Subsecretario de Bienestar Social; y Eusebio Soto, Secretario de Salud.<\/p>\n","protected":false},"excerpt":{"rendered":"<p>Lerdo, 08 de octubre 2024.- La directora del Sistema para el Desarrollo Integral de la Familia (DIF) en Lerdo, Ivonne Guti\u00e9rrez, acompa\u00f1\u00f3 este martes a Carmen Arrieta, directora general del DIF Durango en la colonia C\u00e9sar G. Meraz, para dar inicio al programa estatal \u201cRuta Rosa de la Salud, brigadas con valores&#8221;, en Lerdo. Mediante [&hellip;]<\/p>\n","protected":false},"author":1,"featured_media":10750,"comment_status":"open","ping_status":"open","sticky":false,"template":"","format":"standard","meta":{"_monsterinsights_skip_tracking":false,"_monsterinsights_sitenote_active":false,"_monsterinsights_sitenote_note":"","_monsterinsights_sitenote_category":0,"footnotes":""},"categories":[1],"tags":[],"_links":{"self":[{"href":"https:\/\/zonalimitrofe-cbnr.com\/index.php\/wp-json\/wp\/v2\/posts\/10749"}],"collection":[{"href":"https:\/\/zonalimitrofe-cbnr.com\/index.php\/wp-json\/wp\/v2\/posts"}],"about":[{"href":"https:\/\/zonalimitrofe-cbnr.com\/index.php\/wp-json\/wp\/v2\/types\/post"}],"author":[{"embeddable":true,"href":"https:\/\/zonalimitrofe-cbnr.com\/index.php\/wp-json\/wp\/v2\/users\/1"}],"replies":[{"embeddable":true,"href":"https:\/\/zonalimitrofe-cbnr.com\/index.php\/wp-json\/wp\/v2\/comments?post=10749"}],"version-history":[{"count":1,"href":"https:\/\/zonalimitrofe-cbnr.com\/index.php\/wp-json\/wp\/v2\/posts\/10749\/revisions"}],"predecessor-version":[{"id":10751,"href":"https:\/\/zonalimitrofe-cbnr.com\/index.php\/wp-json\/wp\/v2\/posts\/10749\/revisions\/10751"}],"wp:featuredmedia":[{"embeddable":true,"href":"https:\/\/zonalimitrofe-cbnr.com\/index.php\/wp-json\/wp\/v2\/media\/10750"}],"wp:attachment":[{"href":"https:\/\/zonalimitrofe-cbnr.com\/index.php\/wp-json\/wp\/v2\/media?parent=10749"}],"wp:term":[{"taxonomy":"category","embeddable":true,"href":"https:\/\/zonalimitrofe-cbnr.com\/index.php\/wp-json\/wp\/v2\/categories?post=10749"},{"taxonomy":"post_tag","embeddable":true,"href":"https:\/\/zonalimitrofe-cbnr.com\/index.php\/wp-json\/wp\/v2\/tags?post=10749"}],"curies":[{"name":"wp","href":"https:\/\/api.w.org\/{rel}","templated":true}]}}