{"id":10740,"date":"2024-10-08T15:09:09","date_gmt":"2024-10-08T21:09:09","guid":{"rendered":"https:\/\/zonalimitrofe-cbnr.com\/?p=10740"},"modified":"2024-10-08T15:09:09","modified_gmt":"2024-10-08T21:09:09","slug":"uadec-invita-uadec-a-correr-con-causa-por-la-epilepsia-en-la-cuarta-edicion-de-la-carrera-amena-ultra-trail","status":"publish","type":"post","link":"https:\/\/zonalimitrofe-cbnr.com\/index.php\/2024\/10\/08\/uadec-invita-uadec-a-correr-con-causa-por-la-epilepsia-en-la-cuarta-edicion-de-la-carrera-amena-ultra-trail\/","title":{"rendered":"#UAdeC. Invita UAdeC a Correr con Causa por la Epilepsia en la Cuarta Edici\u00f3n de la Carrera AMENA \u201cUltra Trail\u201d"},"content":{"rendered":"\n<p>TORRE\u00d3N, Coahuila. 8 de octubre de 2024. La Universidad Aut\u00f3noma de Coahuila y la Asociaci\u00f3n Mexicana de Epilepsia en Ni\u00f1os y Adultos A.C. (AMENA), invitan a la comunidad universitaria y p\u00fablico en general a participar en la Cuarta Edici\u00f3n de la Carrera AMENA Ultra Trail: \u201cCorre con Causa por la Epilepsia\u201d, que se llevar\u00e1 a cabo el domingo 24 de noviembre de 2024 en el ejido Tom\u00e1s Garrido Canabal del municipio de Viesca, Coahuila.<\/p>\n\n\n\n<p>La carrera AMENA Ultra Trail, permite que sus participantes conozcan un rinc\u00f3n del Semidesierto de Coahuila, ubicado dentro de una propiedad ejidal de 20 mil hect\u00e1reas, designada por los propios ejidatarios como \u00c1rea Natural Protegida Voluntaria, donde se puede observar la flora y fauna caracter\u00edsticas de la regi\u00f3n, como lechuguillas, cact\u00e1ceas, jabal\u00edes, correcaminos, entre otros.<\/p>\n\n\n\n<p>En conferencia de prensa, el secretario general de la Coordinaci\u00f3n de Unidad Laguna de la UAdeC, Israel Hern\u00e1ndez Castillo, la directora ejecutiva de AMENA, Norma Hern\u00e1ndez Vanegas, el jefe del Departamento de Deportes de la Coordinaci\u00f3n Unidad Laguna, Israel \u00c1lvarez, el coach de Element Fitness Center, Luis Daniel Ramos y el neur\u00f3logo pediatra Juan Pablo Moreno, dieron a conocer los detalles del evento.<\/p>\n\n\n\n<p>La directora ejecutiva de AMENA, Norma Hern\u00e1ndez Vanegas, se\u00f1al\u00f3 que esta carrera con causa, permite a las y los corredores vivir una experiencia \u00fanica de carrera de monta\u00f1a, dise\u00f1ada para conectar con la naturaleza y con la causa altruista de la Asociaci\u00f3n.<\/p>\n\n\n\n<p>Agreg\u00f3 que, este evento se celebra con el entusiasmo de sus participantes por crear conciencia sobre la epilepsia y recaudar fondos para sostener los programas de la asociaci\u00f3n que permitan seguir apoyando con electroencefalogramas, consultas m\u00e9dicas y medicinas a sus pacientes.<\/p>\n\n\n\n<p>Por su parte, el Dr. Juan Pablo Moreno, dio a conocer que la epilepsia es una enfermedad que ha estado estigmatizada desde hace mucho tiempo, por ello es importante informar sobre los s\u00edntomas y tratamientos, adem\u00e1s de ayudar a quienes le padecen y crear conciencia para que tanto el paciente como sus familias tengan una mejor calidad de vida.<\/p>\n\n\n\n<p>Los deportistas que se inscriban antes del 3 de noviembre tendr\u00e1n la oportunidad de recibir un kit que incluye beneficios del corredor y una playera DryFit, en las siguientes categor\u00edas: 48K con un costo de $1,000 pesos, 20K de $650 pesos, Senderismo o 10K $550 pesos; despu\u00e9s del 3 de noviembre, solamente ser\u00e1n acreedores a beneficios del corredor: 48K con un costo de $900 pesos, 20K de $550 pesos y Senderismo y 10K $450 pesos.<\/p>\n\n\n\n<p>Las inscripciones y la convocatoria completa se encuentran en la p\u00e1gina https:\/\/summits.com.mx\/Evento\/2024\/Amena y en las redes sociales Facebook AmenaMEX, X AmenaEpilepsia y en Instagram amenaultratrail.<\/p>\n\n\n\n<p>Cabe se\u00f1alar que previo a la carrera se podr\u00e1 acampar en el ejido Tom\u00e1s Garrido Canabal y disfrutar de la actividad gratuita de observaci\u00f3n de estrellas a cargo del Grupo Astron\u00f3mico G\u00f3mez Palacio y, durante el evento del domingo 24 de noviembre se contar\u00e1 con la escuela de escalada Monkey Climb School, que realizar\u00e1n actividades gratuitas de rapel aptas para personas de nueve a\u00f1os en adelante.<\/p>\n","protected":false},"excerpt":{"rendered":"<p>TORRE\u00d3N, Coahuila. 8 de octubre de 2024. La Universidad Aut\u00f3noma de Coahuila y la Asociaci\u00f3n Mexicana de Epilepsia en Ni\u00f1os y Adultos A.C. (AMENA), invitan a la comunidad universitaria y p\u00fablico en general a participar en la Cuarta Edici\u00f3n de la Carrera AMENA Ultra Trail: \u201cCorre con Causa por la Epilepsia\u201d, que se llevar\u00e1 a [&hellip;]<\/p>\n","protected":false},"author":1,"featured_media":10741,"comment_status":"open","ping_status":"open","sticky":false,"template":"","format":"standard","meta":{"_monsterinsights_skip_tracking":false,"_monsterinsights_sitenote_active":false,"_monsterinsights_sitenote_note":"","_monsterinsights_sitenote_category":0,"footnotes":""},"categories":[1],"tags":[],"_links":{"self":[{"href":"https:\/\/zonalimitrofe-cbnr.com\/index.php\/wp-json\/wp\/v2\/posts\/10740"}],"collection":[{"href":"https:\/\/zonalimitrofe-cbnr.com\/index.php\/wp-json\/wp\/v2\/posts"}],"about":[{"href":"https:\/\/zonalimitrofe-cbnr.com\/index.php\/wp-json\/wp\/v2\/types\/post"}],"author":[{"embeddable":true,"href":"https:\/\/zonalimitrofe-cbnr.com\/index.php\/wp-json\/wp\/v2\/users\/1"}],"replies":[{"embeddable":true,"href":"https:\/\/zonalimitrofe-cbnr.com\/index.php\/wp-json\/wp\/v2\/comments?post=10740"}],"version-history":[{"count":1,"href":"https:\/\/zonalimitrofe-cbnr.com\/index.php\/wp-json\/wp\/v2\/posts\/10740\/revisions"}],"predecessor-version":[{"id":10742,"href":"https:\/\/zonalimitrofe-cbnr.com\/index.php\/wp-json\/wp\/v2\/posts\/10740\/revisions\/10742"}],"wp:featuredmedia":[{"embeddable":true,"href":"https:\/\/zonalimitrofe-cbnr.com\/index.php\/wp-json\/wp\/v2\/media\/10741"}],"wp:attachment":[{"href":"https:\/\/zonalimitrofe-cbnr.com\/index.php\/wp-json\/wp\/v2\/media?parent=10740"}],"wp:term":[{"taxonomy":"category","embeddable":true,"href":"https:\/\/zonalimitrofe-cbnr.com\/index.php\/wp-json\/wp\/v2\/categories?post=10740"},{"taxonomy":"post_tag","embeddable":true,"href":"https:\/\/zonalimitrofe-cbnr.com\/index.php\/wp-json\/wp\/v2\/tags?post=10740"}],"curies":[{"name":"wp","href":"https:\/\/api.w.org\/{rel}","templated":true}]}}