{"id":1074,"date":"2024-01-27T22:38:43","date_gmt":"2024-01-27T22:38:43","guid":{"rendered":"https:\/\/zonalimitrofe-cbnr.com\/?p=1074"},"modified":"2024-01-27T22:38:43","modified_gmt":"2024-01-27T22:38:43","slug":"lerdo-continua-promocion-de-campana-alza-la-voz-no-estas-sola","status":"publish","type":"post","link":"https:\/\/zonalimitrofe-cbnr.com\/index.php\/2024\/01\/27\/lerdo-continua-promocion-de-campana-alza-la-voz-no-estas-sola\/","title":{"rendered":"#Lerdo. CONTIN\u00daA PROMOCI\u00d3N DE CAMPA\u00d1A \u201cALZA LA VOZ, NO EST\u00c1S SOLA\u201d"},"content":{"rendered":"\n<p>Lerdo, 27 enero 2024.- Adem\u00e1s del crucero que se llev\u00f3 a cabo en el boulevard Miguel Alem\u00e1n y avenida Matamoros, el Instituto Municipal de la Mujer (IMJ) en Lerdo ha promocionado la campa\u00f1a \u201cAlza la voz, no est\u00e1s sola\u201d a la zona rural para compartir las actividades y servicios que ofrece el Ayuntamiento a las lerdenses, de manera gratuita.<\/p>\n\n\n\n<p>Durante esta semana, se acudi\u00f3 a la comunidad de Las Isabeles con esta campa\u00f1a, entregando casa por casa, tr\u00edpticos con valiosa informaci\u00f3n de las acciones que la dependencia municipal pone en marcha para asegurar la salud, seguridad, educaci\u00f3n y trabajo (por ende, ingresos) de la mujer en el territorio lerdense.<\/p>\n\n\n\n<p>Tambi\u00e9n se compartieron los n\u00fameros telef\u00f3nicos; de oficina 87 11 59 26 46, que atiende en un horario de 8:00 a 16:00 horas de lunes a viernes; y el del programa \u201cPor ti, por m\u00ed \u00a1Por todas!\u201d 87 11 16 79 99, disponible las 24 horas del d\u00eda para responder ante emergencias de casos de violencia contra la mujer.<\/p>\n\n\n\n<p>As\u00ed mismo, se acudi\u00f3 a Las Cuevas con el m\u00f3dulo de atenci\u00f3n psicol\u00f3gica (terapia individual y de pareja), jur\u00eddica (asesor\u00eda legal, pensi\u00f3n alimenticia, divorcio y acompa\u00f1amiento) y de trabajo social (entrevista inicial, canalizaciones, y asesor\u00edas), llegando a hasta las zonas rurales m\u00e1s apartadas de la ciudad.<\/p>\n","protected":false},"excerpt":{"rendered":"<p>Lerdo, 27 enero 2024.- Adem\u00e1s del crucero que se llev\u00f3 a cabo en el boulevard Miguel Alem\u00e1n y avenida Matamoros, el Instituto Municipal de la Mujer (IMJ) en Lerdo ha promocionado la campa\u00f1a \u201cAlza la voz, no est\u00e1s sola\u201d a la zona rural para compartir las actividades y servicios que ofrece el Ayuntamiento a las [&hellip;]<\/p>\n","protected":false},"author":1,"featured_media":1075,"comment_status":"open","ping_status":"open","sticky":false,"template":"","format":"standard","meta":{"_monsterinsights_skip_tracking":false,"_monsterinsights_sitenote_active":false,"_monsterinsights_sitenote_note":"","_monsterinsights_sitenote_category":0,"footnotes":""},"categories":[1],"tags":[],"_links":{"self":[{"href":"https:\/\/zonalimitrofe-cbnr.com\/index.php\/wp-json\/wp\/v2\/posts\/1074"}],"collection":[{"href":"https:\/\/zonalimitrofe-cbnr.com\/index.php\/wp-json\/wp\/v2\/posts"}],"about":[{"href":"https:\/\/zonalimitrofe-cbnr.com\/index.php\/wp-json\/wp\/v2\/types\/post"}],"author":[{"embeddable":true,"href":"https:\/\/zonalimitrofe-cbnr.com\/index.php\/wp-json\/wp\/v2\/users\/1"}],"replies":[{"embeddable":true,"href":"https:\/\/zonalimitrofe-cbnr.com\/index.php\/wp-json\/wp\/v2\/comments?post=1074"}],"version-history":[{"count":1,"href":"https:\/\/zonalimitrofe-cbnr.com\/index.php\/wp-json\/wp\/v2\/posts\/1074\/revisions"}],"predecessor-version":[{"id":1076,"href":"https:\/\/zonalimitrofe-cbnr.com\/index.php\/wp-json\/wp\/v2\/posts\/1074\/revisions\/1076"}],"wp:featuredmedia":[{"embeddable":true,"href":"https:\/\/zonalimitrofe-cbnr.com\/index.php\/wp-json\/wp\/v2\/media\/1075"}],"wp:attachment":[{"href":"https:\/\/zonalimitrofe-cbnr.com\/index.php\/wp-json\/wp\/v2\/media?parent=1074"}],"wp:term":[{"taxonomy":"category","embeddable":true,"href":"https:\/\/zonalimitrofe-cbnr.com\/index.php\/wp-json\/wp\/v2\/categories?post=1074"},{"taxonomy":"post_tag","embeddable":true,"href":"https:\/\/zonalimitrofe-cbnr.com\/index.php\/wp-json\/wp\/v2\/tags?post=1074"}],"curies":[{"name":"wp","href":"https:\/\/api.w.org\/{rel}","templated":true}]}}