{"id":10710,"date":"2024-10-07T14:19:37","date_gmt":"2024-10-07T20:19:37","guid":{"rendered":"https:\/\/zonalimitrofe-cbnr.com\/?p=10710"},"modified":"2024-10-07T14:19:37","modified_gmt":"2024-10-07T20:19:37","slug":"lerdo-conmemoran-en-lerdo-el-88-aniversario-del-reparto-agrario","status":"publish","type":"post","link":"https:\/\/zonalimitrofe-cbnr.com\/index.php\/2024\/10\/07\/lerdo-conmemoran-en-lerdo-el-88-aniversario-del-reparto-agrario\/","title":{"rendered":"#Lerdo. CONMEMORAN EN LERDO EL 88 ANIVERSARIO DEL REPARTO AGRARIO*"},"content":{"rendered":"\n<p>Lerdo, 07 de octubre 2024.- El pasado domingo, el Gobierno Municipal de Lerdo realiz\u00f3 un acto c\u00edvico en la comunidad de \u2018El Rayo\u2019 para conmemorar el 88 aniversario del Reparto Agrario de La Laguna, un acontecimiento hist\u00f3rico dirigido por el entonces presidente L\u00e1zaro C\u00e1rdenas del R\u00edo.<\/p>\n\n\n\n<p>En representaci\u00f3n del Alcalde Homero Mart\u00ednez Cabrera, asisti\u00f3 el secretario del Ayuntamiento, Eduardo Lara Urby, acompa\u00f1ado por el l\u00edder de la Confederaci\u00f3n Nacional Campesina (CNC) en Lerdo, Samuel Mart\u00ednez, as\u00ed como por los comisariados ejidales de El Rayo, Jorge Espino Torres, y del Seis de Enero, Manuel Montelongo, regidores del Ayuntamiento y dem\u00e1s autoridades rurales.<\/p>\n\n\n\n<p>Durante su intervenci\u00f3n, el secretario del Ayuntamiento reconoci\u00f3 la importancia del campo en Lerdo, y destac\u00f3 la lucha social que se emprendi\u00f3 en defensa de los derechos de los trabajadores agrarios, que culmin\u00f3 con el reparto agrario.<\/p>\n\n\n\n<p>Asimismo, Samuel Mart\u00ednez, l\u00edder de la CNC, record\u00f3 el legado del Gral. L\u00e1zaro C\u00e1rdenas y su impacto positivo en beneficio de los campesinos de Lerdo, tambi\u00e9n subray\u00f3 el esfuerzo conjunto entre el Alcalde Homero Mart\u00ednez y el Gobernador Esteban Villegas para revitalizar el sector agr\u00edcola ante la falta de apoyo del gobierno federal. Los comisariados ejidales expresaron su gratitud a las autoridades municipales por la organizaci\u00f3n de este acto c\u00edvico, el cual fortalece el reconocimiento de la historia agraria en la regi\u00f3n.<\/p>\n\n\n\n<p>La jornada continu\u00f3 con actividades culturales, destacando la lectura de la poes\u00eda titulada &#8220;El 6 de Octubre bajo el nombre de C\u00e1rdenas&#8221;, a cargo de la alumna Anais Brice\u00f1o del Centro de Estudios Lerdo Contempor\u00e1neo, la participaci\u00f3n de la Escuela Primaria Francisco Javier Mina y las interpretaciones musicales del ni\u00f1o Iker Jared Casta\u00f1eda, as\u00ed como la presentaci\u00f3n del grupo folcl\u00f3rico del Instituto Lerdo Contempor\u00e1neo.<\/p>\n\n\n\n<p>El evento concluy\u00f3 con la colocaci\u00f3n de una ofrenda floral y una guardia de honor en memoria de este importante acontecimiento hist\u00f3rico.<\/p>\n","protected":false},"excerpt":{"rendered":"<p>Lerdo, 07 de octubre 2024.- El pasado domingo, el Gobierno Municipal de Lerdo realiz\u00f3 un acto c\u00edvico en la comunidad de \u2018El Rayo\u2019 para conmemorar el 88 aniversario del Reparto Agrario de La Laguna, un acontecimiento hist\u00f3rico dirigido por el entonces presidente L\u00e1zaro C\u00e1rdenas del R\u00edo. En representaci\u00f3n del Alcalde Homero Mart\u00ednez Cabrera, asisti\u00f3 el [&hellip;]<\/p>\n","protected":false},"author":1,"featured_media":10711,"comment_status":"open","ping_status":"open","sticky":false,"template":"","format":"standard","meta":{"_monsterinsights_skip_tracking":false,"_monsterinsights_sitenote_active":false,"_monsterinsights_sitenote_note":"","_monsterinsights_sitenote_category":0,"footnotes":""},"categories":[1],"tags":[],"_links":{"self":[{"href":"https:\/\/zonalimitrofe-cbnr.com\/index.php\/wp-json\/wp\/v2\/posts\/10710"}],"collection":[{"href":"https:\/\/zonalimitrofe-cbnr.com\/index.php\/wp-json\/wp\/v2\/posts"}],"about":[{"href":"https:\/\/zonalimitrofe-cbnr.com\/index.php\/wp-json\/wp\/v2\/types\/post"}],"author":[{"embeddable":true,"href":"https:\/\/zonalimitrofe-cbnr.com\/index.php\/wp-json\/wp\/v2\/users\/1"}],"replies":[{"embeddable":true,"href":"https:\/\/zonalimitrofe-cbnr.com\/index.php\/wp-json\/wp\/v2\/comments?post=10710"}],"version-history":[{"count":1,"href":"https:\/\/zonalimitrofe-cbnr.com\/index.php\/wp-json\/wp\/v2\/posts\/10710\/revisions"}],"predecessor-version":[{"id":10712,"href":"https:\/\/zonalimitrofe-cbnr.com\/index.php\/wp-json\/wp\/v2\/posts\/10710\/revisions\/10712"}],"wp:featuredmedia":[{"embeddable":true,"href":"https:\/\/zonalimitrofe-cbnr.com\/index.php\/wp-json\/wp\/v2\/media\/10711"}],"wp:attachment":[{"href":"https:\/\/zonalimitrofe-cbnr.com\/index.php\/wp-json\/wp\/v2\/media?parent=10710"}],"wp:term":[{"taxonomy":"category","embeddable":true,"href":"https:\/\/zonalimitrofe-cbnr.com\/index.php\/wp-json\/wp\/v2\/categories?post=10710"},{"taxonomy":"post_tag","embeddable":true,"href":"https:\/\/zonalimitrofe-cbnr.com\/index.php\/wp-json\/wp\/v2\/tags?post=10710"}],"curies":[{"name":"wp","href":"https:\/\/api.w.org\/{rel}","templated":true}]}}