{"id":10689,"date":"2024-10-07T13:53:44","date_gmt":"2024-10-07T19:53:44","guid":{"rendered":"https:\/\/zonalimitrofe-cbnr.com\/?p=10689"},"modified":"2024-10-07T13:53:45","modified_gmt":"2024-10-07T19:53:45","slug":"durango-por-primera-vez-marea-rosa-glow-5k-sera-nocturna-brillara-durango-y-la-laguna-en-actividades-contra-el-cancer-de-mama","status":"publish","type":"post","link":"https:\/\/zonalimitrofe-cbnr.com\/index.php\/2024\/10\/07\/durango-por-primera-vez-marea-rosa-glow-5k-sera-nocturna-brillara-durango-y-la-laguna-en-actividades-contra-el-cancer-de-mama\/","title":{"rendered":"#Durango. Por primera vez Marea Rosa Glow 5k ser\u00e1 nocturna; brillar\u00e1 Durango y La Laguna en actividades contra el c\u00e1ncer de mama*"},"content":{"rendered":"\n<ul>\n<li><em>El DIF estatal organiza esta convivencia deportiva con causa que se llevar\u00e1 a cabo los d\u00edas 25 y 26 de octubre en G\u00f3mez Palacio y en la capital, respectivamente.<\/em><\/li>\n\n\n\n<li><em>Inscripciones ya est\u00e1n a la venta para disfrutar la nueva modalidad donde habr\u00e1 luces ne\u00f3n y muchos polvos brillantes; participantes adquirir\u00e1n medalla conmemorativa coleccionable.<\/em><\/li>\n<\/ul>\n\n\n\n<p>Como nunca antes, los duranguenses vivir\u00e1n una m\u00e1gica experiencia al participar en la carrera \u201cMarea Rosa Glow 5K\u201d que por primera vez ser\u00e1 nocturna y se llevar\u00e1 a cabo en La Laguna y Durango los d\u00edas 25 y 26 de octubre, respectivamente, as\u00ed lo dio a conocer la presidenta del DIF Estatal, Marisol Rosso Rivera, quien comparti\u00f3 que lo recaudado ser\u00e1 destinado a la Cl\u00ednica del Cuidado de C\u00e1ncer de Mama, ubicada dentro del Centro Estatal de Cancerolog\u00eda (CECAN).<\/p>\n\n\n\n<p>Durango y La Laguna se vestir\u00e1n de luz ne\u00f3n en esta edici\u00f3n de la Marea Rosa, ya que por primera vez el recorrido ser\u00e1 por la noche, destac\u00f3 Rosso Rivera, al informar que en la Comarca Lagunera, la carrera de convivencia se llevar\u00e1 a cabo el viernes 25 de octubre; la salida y meta ser\u00e1 en la Torre Eiffel ubicada en bulevar Gonz\u00e1lez de Vega de G\u00f3mez Palacio en punto de las 19:00 horas. En la capital, se realizar\u00e1 el s\u00e1bado 26 de octubre a las 19:00 horas, teniendo como escenario el bulevar G\u00f3mez Mor\u00edn.<\/p>\n\n\n\n<p>Acompa\u00f1ada del titular del Instituto Estatal del Deporte (IED), C\u00e9sar C\u00e1rdenas Reyes, la Presidenta del DIF, dijo que esta es una carrera de convivencia, \u201cson 5 kil\u00f3metros de pura diversi\u00f3n, habr\u00e1 mucha seguridad y esperamos romper la cifra de los 800 mil pesos del a\u00f1o pasado, adem\u00e1s, es una gran oportunidad para apoyar a nuestras mujeres con c\u00e1ncer de mama\u201d mencion\u00f3 al compartir que el costo del boleto ser\u00e1 de 300 pesos y se tendr\u00e1 una preventa del 01 al 15 de octubre para que todos adquieran su inscripci\u00f3n por 250 pesos.<\/p>\n\n\n\n<p>Junto al Secretario de Salud, Mois\u00e9s N\u00e1jera, Marisol detall\u00f3 que lo recaudado en la Marea Rosa de Durango y La Laguna, ser\u00e1 destinado al cuidado integral de pacientes en tratamiento, el cual se brinda en la Cl\u00ednica del Cuidado de C\u00e1ncer de Mama en el CECAN.<\/p>\n\n\n\n<p>Entre las novedades de la edici\u00f3n 2024, es que el kit del participante, estar\u00e1 conformado de una playera, buff, lentes y una pulsera luminosa, adem\u00e1s, por primera vez, llevar\u00e1 una medalla conmemorativa, la cual ser\u00e1 muy significativa, porque ser\u00e1 la primera parte del coraz\u00f3n de DIF Estatal, que se completar\u00e1 con las siguientes ediciones de esta carrera rosa.<\/p>\n\n\n\n<p>Los boletos para La Laguna, ya est\u00e1n a la venta en el DIF Municipal de Lerdo y G\u00f3mez Palacio, as\u00ed como en DIF Estatal de dicha regi\u00f3n, mientras que en Durango, los puntos de venta son DIF Estatal y Municipal, en los Institutos Estatal y Municipal del Deporte, Monchys Libertad, Cordillera Trek, Gafas sucursal Paseo Durango y Museo Interactivo Bebeleche.<\/p>\n","protected":false},"excerpt":{"rendered":"<p>Como nunca antes, los duranguenses vivir\u00e1n una m\u00e1gica experiencia al participar en la carrera \u201cMarea Rosa Glow 5K\u201d que por primera vez ser\u00e1 nocturna y se llevar\u00e1 a cabo en La Laguna y Durango los d\u00edas 25 y 26 de octubre, respectivamente, as\u00ed lo dio a conocer la presidenta del DIF Estatal, Marisol Rosso Rivera, [&hellip;]<\/p>\n","protected":false},"author":1,"featured_media":10690,"comment_status":"open","ping_status":"open","sticky":false,"template":"","format":"standard","meta":{"_monsterinsights_skip_tracking":false,"_monsterinsights_sitenote_active":false,"_monsterinsights_sitenote_note":"","_monsterinsights_sitenote_category":0,"footnotes":""},"categories":[1],"tags":[],"_links":{"self":[{"href":"https:\/\/zonalimitrofe-cbnr.com\/index.php\/wp-json\/wp\/v2\/posts\/10689"}],"collection":[{"href":"https:\/\/zonalimitrofe-cbnr.com\/index.php\/wp-json\/wp\/v2\/posts"}],"about":[{"href":"https:\/\/zonalimitrofe-cbnr.com\/index.php\/wp-json\/wp\/v2\/types\/post"}],"author":[{"embeddable":true,"href":"https:\/\/zonalimitrofe-cbnr.com\/index.php\/wp-json\/wp\/v2\/users\/1"}],"replies":[{"embeddable":true,"href":"https:\/\/zonalimitrofe-cbnr.com\/index.php\/wp-json\/wp\/v2\/comments?post=10689"}],"version-history":[{"count":1,"href":"https:\/\/zonalimitrofe-cbnr.com\/index.php\/wp-json\/wp\/v2\/posts\/10689\/revisions"}],"predecessor-version":[{"id":10691,"href":"https:\/\/zonalimitrofe-cbnr.com\/index.php\/wp-json\/wp\/v2\/posts\/10689\/revisions\/10691"}],"wp:featuredmedia":[{"embeddable":true,"href":"https:\/\/zonalimitrofe-cbnr.com\/index.php\/wp-json\/wp\/v2\/media\/10690"}],"wp:attachment":[{"href":"https:\/\/zonalimitrofe-cbnr.com\/index.php\/wp-json\/wp\/v2\/media?parent=10689"}],"wp:term":[{"taxonomy":"category","embeddable":true,"href":"https:\/\/zonalimitrofe-cbnr.com\/index.php\/wp-json\/wp\/v2\/categories?post=10689"},{"taxonomy":"post_tag","embeddable":true,"href":"https:\/\/zonalimitrofe-cbnr.com\/index.php\/wp-json\/wp\/v2\/tags?post=10689"}],"curies":[{"name":"wp","href":"https:\/\/api.w.org\/{rel}","templated":true}]}}