{"id":10639,"date":"2024-10-05T14:41:03","date_gmt":"2024-10-05T20:41:03","guid":{"rendered":"https:\/\/zonalimitrofe-cbnr.com\/?p=10639"},"modified":"2024-10-05T14:41:03","modified_gmt":"2024-10-05T20:41:03","slug":"estudiantes-del-cbta-3-tendran-nueva-cafeteria-y-comedor-gratuito-construye-esteban-espacios-para-convivencia-de-jovenes","status":"publish","type":"post","link":"https:\/\/zonalimitrofe-cbnr.com\/index.php\/2024\/10\/05\/estudiantes-del-cbta-3-tendran-nueva-cafeteria-y-comedor-gratuito-construye-esteban-espacios-para-convivencia-de-jovenes\/","title":{"rendered":"Estudiantes del CBTA 3 tendr\u00e1n nueva cafeter\u00eda y comedor gratuito; construye Esteban espacios para convivencia de j\u00f3venes*"},"content":{"rendered":"\n<ul>\n<li><em>Como regalo del 52 Aniversario de esta instituci\u00f3n, Gobernador inici\u00f3 obras en beneficio de alumnos locales y for\u00e1neos.<\/em><\/li>\n\n\n\n<li><em>Les prometi\u00f3 realizar m\u00e1s acciones como edificaci\u00f3n de nuevas aulas, sanitarios y elaboraci\u00f3n de proyectos agropecuarios.<\/em><\/li>\n<\/ul>\n\n\n\n<p>Los estudiantes contar\u00e1n con un espacio sano, donde puedan convivir y consumir alimentos gratuitos, afirm\u00f3 el gobernador Esteban Villegas Villarreal al iniciar la construcci\u00f3n de una cafeter\u00eda en el CBTA 3 como regalo por el 52 Aniversario de esta instituci\u00f3n.<\/p>\n\n\n\n<p>\u201cEn este gobierno, lo que empezamos tenemos que terminarlo\u201d, por eso el Ejecutivo Estatal, anunci\u00f3 que no solo ser\u00e1 el inicio de la primera etapa de dicha infraestructura, sino que se entregar\u00e1 la obra en su totalidad.<\/p>\n\n\n\n<p>Para complementar este beneficio, se comunic\u00f3 con su esposa la presidenta del DIF Estatal, Marisol Rosso, para que este comedor estudiantil cuente con despensa alimentaria bimestral y gratuita, mientras que el alcalde To\u00f1o Ochoa, habr\u00e1 de equiparlo para que sea de gran ayuda, sobretodo, para los alumnos for\u00e1neos de comunidades rurales.<\/p>\n\n\n\n<p>Adem\u00e1s, en atenci\u00f3n a las solicitudes estudiantiles del plantel en menci\u00f3n, Villegas Villarreal, se coordinar\u00e1 con las instancias del Gobierno del Estado para construir ba\u00f1os y salones dignos, ya que la matr\u00edcula del plantel ha aumentado y se requieren m\u00e1s espacios para sus estudios.<\/p>\n\n\n\n<p>Igualmente, dijo que, con el respaldo de la Secretar\u00eda de Educaci\u00f3n a cargo de Guillermo Adame Calder\u00f3n, de Agricultura, Ganader\u00eda y Desarrollo Rural (SAGDR), con Jes\u00fas L\u00f3pez Morales y en coordinaci\u00f3n con el Instituto para la Infraestructura F\u00edsica Educativa del Estado (INIFEED), que encabeza Emmanuel del Palacio Sicsik, se buscar\u00e1n equipar las diversas \u00e1reas agropecuarias del CBTA, a fin que los estudiantes tengan las herramientas y conocimientos necesarios para estar preparados y ser parte de la nueva era de Durango.<\/p>\n\n\n\n<p>En este evento, la directora del CBTA 3, Esmeralda Lechuga Rocha, resalt\u00f3 su agradecimiento para conmemorar este 52 Aniversario, m\u00e1s all\u00e1 de la construcci\u00f3n de la cafeter\u00eda, recalc\u00f3 que es garantizar las condiciones seguras de los alimentos, adem\u00e1s de un espacio c\u00f3modo para los estudiantes para que ya no est\u00e9n expuestos a las inclemencias del clima.<\/p>\n\n\n\n<p>A nombre de los estudiantes, Evelyn Rivas Puentes, presidenta de la Asociaci\u00f3n de Alumnos, dio la bienvenida al Gobernador y mencion\u00f3 los grandes beneficios que representan estas acciones a favor de ella y sus compa\u00f1eros, sobre todo al sentirse escuchados, adem\u00e1s de contar con estos espacios dignos.<\/p>\n\n\n\n<p>Esteban Villegas, dijo que en lo que respecta a la cafeter\u00eda, que representa una inversi\u00f3n de 2.7 millones de pesos, podr\u00e1n disfrutar de ella para finales de enero del pr\u00f3ximo a\u00f1o completamente equipada, adem\u00e1s que se trabajar\u00e1 en estrategias en conjunto para lograr vincular a los estudiantes en las actividades agr\u00edcolas, ganaderas y el procesamiento de los alimentos, para que los estudiantes desarrollen sus capacidades y habilidades, \u201cque sepan que s\u00ed se puede lograr todo lo que se propongan\u201d.<\/p>\n\n\n\n<p>Cabe mencionar que en este 52 Aniversario del CBTA 3, fueron homenajeados los maestros de mayor trayectoria de la instituci\u00f3n, quienes recibieron su reconocimiento por cumplir desde los 10, 15 y 20 a\u00f1os de servicio en este plantel y que, junto con las autoridades partieron el pastel para festejar los logros del bachillerato.<\/p>\n","protected":false},"excerpt":{"rendered":"<p>Los estudiantes contar\u00e1n con un espacio sano, donde puedan convivir y consumir alimentos gratuitos, afirm\u00f3 el gobernador Esteban Villegas Villarreal al iniciar la construcci\u00f3n de una cafeter\u00eda en el CBTA 3 como regalo por el 52 Aniversario de esta instituci\u00f3n. \u201cEn este gobierno, lo que empezamos tenemos que terminarlo\u201d, por eso el Ejecutivo Estatal, anunci\u00f3 [&hellip;]<\/p>\n","protected":false},"author":1,"featured_media":10640,"comment_status":"open","ping_status":"open","sticky":false,"template":"","format":"standard","meta":{"_monsterinsights_skip_tracking":false,"_monsterinsights_sitenote_active":false,"_monsterinsights_sitenote_note":"","_monsterinsights_sitenote_category":0,"footnotes":""},"categories":[1],"tags":[],"_links":{"self":[{"href":"https:\/\/zonalimitrofe-cbnr.com\/index.php\/wp-json\/wp\/v2\/posts\/10639"}],"collection":[{"href":"https:\/\/zonalimitrofe-cbnr.com\/index.php\/wp-json\/wp\/v2\/posts"}],"about":[{"href":"https:\/\/zonalimitrofe-cbnr.com\/index.php\/wp-json\/wp\/v2\/types\/post"}],"author":[{"embeddable":true,"href":"https:\/\/zonalimitrofe-cbnr.com\/index.php\/wp-json\/wp\/v2\/users\/1"}],"replies":[{"embeddable":true,"href":"https:\/\/zonalimitrofe-cbnr.com\/index.php\/wp-json\/wp\/v2\/comments?post=10639"}],"version-history":[{"count":1,"href":"https:\/\/zonalimitrofe-cbnr.com\/index.php\/wp-json\/wp\/v2\/posts\/10639\/revisions"}],"predecessor-version":[{"id":10641,"href":"https:\/\/zonalimitrofe-cbnr.com\/index.php\/wp-json\/wp\/v2\/posts\/10639\/revisions\/10641"}],"wp:featuredmedia":[{"embeddable":true,"href":"https:\/\/zonalimitrofe-cbnr.com\/index.php\/wp-json\/wp\/v2\/media\/10640"}],"wp:attachment":[{"href":"https:\/\/zonalimitrofe-cbnr.com\/index.php\/wp-json\/wp\/v2\/media?parent=10639"}],"wp:term":[{"taxonomy":"category","embeddable":true,"href":"https:\/\/zonalimitrofe-cbnr.com\/index.php\/wp-json\/wp\/v2\/categories?post=10639"},{"taxonomy":"post_tag","embeddable":true,"href":"https:\/\/zonalimitrofe-cbnr.com\/index.php\/wp-json\/wp\/v2\/tags?post=10639"}],"curies":[{"name":"wp","href":"https:\/\/api.w.org\/{rel}","templated":true}]}}