{"id":10636,"date":"2024-10-05T14:33:16","date_gmt":"2024-10-05T20:33:16","guid":{"rendered":"https:\/\/zonalimitrofe-cbnr.com\/?p=10636"},"modified":"2024-10-05T14:33:16","modified_gmt":"2024-10-05T20:33:16","slug":"torreon-realizan-intervencion-por-el-dia-internacional-de-la-educacion-vial","status":"publish","type":"post","link":"https:\/\/zonalimitrofe-cbnr.com\/index.php\/2024\/10\/05\/torreon-realizan-intervencion-por-el-dia-internacional-de-la-educacion-vial\/","title":{"rendered":"#Torre\u00f3n. Realizan intervenci\u00f3n por el D\u00eda Internacional de la Educaci\u00f3n Vial"},"content":{"rendered":"\n<p>Torre\u00f3n, Coahuila. A 5 de octubre de 2024.<\/p>\n\n\n\n<p>En el marco del &#8220;Dia Internacional de la Educaci\u00f3n Vial\u201d, celebrado el 5 de octubre, esta ma\u00f1ana se realiz\u00f3 una intervenci\u00f3n el crucero del bulevar Revoluci\u00f3n y calle Comonfort, a las afueras del Centro de Idiomas de la Universidad Aut\u00f3noma de Coahuila.<\/p>\n\n\n\n<p>La actividad se realiz\u00f3 por parte de la Direcci\u00f3n General de Vialidad y Movilidad Urbana, a trav\u00e9s de las direcciones de Movilidad No Motorizada y Tr\u00e1nsito y Vialidad, en conjunto con el colectivo ciclista &#8220;Ruedas del Desierto&#8221;, y la asociaci\u00f3n &#8220;Ver Contigo&#8221;.<\/p>\n\n\n\n<p>Luis Alberto Morales Cort\u00e9s, director de Vialidad y Movilidad Urbana, dijo que el 5 de octubre fue instaurado por la Asamblea General de las Naciones Unidas como el &#8220;Dia Internacional de la Educaci\u00f3n Vial\u201d, con el objetivo de concientizar a la poblaci\u00f3n mundial sobre la importancia de la cultura vial, para prevenir hechos de tr\u00e1nsito.<\/p>\n\n\n\n<p>\u201cLos participantes de las direcciones y colectivos pudieron percatarse de la necesidad de retomar el proyecto de cancelar la vuelta a la izquierda en la calle Comonfort hacia el sur, puesto que esta maniobra favorece a los veh\u00edculos motorizados, sobre la Seguridad Vial y comodidad del resto de los usuarios, como son los peatones y ciclistas\u201d, mencion\u00f3 el director.<\/p>\n\n\n\n<p>Cabe hacer menci\u00f3n que a trav\u00e9s de los grupos de Auditores Viales, de la Direcci\u00f3n de Tr\u00e1nsito y Vialidad, anteriormente se han realizado intervenciones, as\u00ed como la activaci\u00f3n del &#8220;Programa de Movilidad Escolar&#8221;, especialmente en las jornadas sabatinas cuando se presenta mayor flujo de personas que acuden al Centro de Idiomas.<\/p>\n\n\n\n<p>Adem\u00e1s, se tomaron en cuenta las observaciones realizadas por los integrantes de &#8220;Ruedas del Desierto&#8221; y &#8220;Ver Contigo&#8221;, en el sentido de hacer las adecuaciones necesarias para garantizar el cruce seguro de los peatones, entre ellas, la propuesta de retomar la cancelaci\u00f3n de la vuelta a la izquierda.<\/p>\n\n\n\n<p>Morales Cort\u00e9s exhort\u00f3 a los automovilistas a tener m\u00e1s empat\u00eda para con los peatones, por ser adem\u00e1s quienes encabezan la &#8220;Pir\u00e1mide de la Movilidad&#8221;, y merecen la atenci\u00f3n y el respeto para lograr un cruce seguro.<\/p>\n\n\n\n<p>La Direcci\u00f3n de Movilidad No Motorizada continuar\u00e1 realizando este tipo de actividades, por instrucci\u00f3n del alcalde Rom\u00e1n Alberto Cepeda Gonz\u00e1lez, quien mantiene su compromiso de velar por la &#8220;Seguridad Vial de to<\/p>\n","protected":false},"excerpt":{"rendered":"<p>Torre\u00f3n, Coahuila. A 5 de octubre de 2024. En el marco del &#8220;Dia Internacional de la Educaci\u00f3n Vial\u201d, celebrado el 5 de octubre, esta ma\u00f1ana se realiz\u00f3 una intervenci\u00f3n el crucero del bulevar Revoluci\u00f3n y calle Comonfort, a las afueras del Centro de Idiomas de la Universidad Aut\u00f3noma de Coahuila. La actividad se realiz\u00f3 por [&hellip;]<\/p>\n","protected":false},"author":1,"featured_media":10637,"comment_status":"open","ping_status":"open","sticky":false,"template":"","format":"standard","meta":{"_monsterinsights_skip_tracking":false,"_monsterinsights_sitenote_active":false,"_monsterinsights_sitenote_note":"","_monsterinsights_sitenote_category":0,"footnotes":""},"categories":[1],"tags":[],"_links":{"self":[{"href":"https:\/\/zonalimitrofe-cbnr.com\/index.php\/wp-json\/wp\/v2\/posts\/10636"}],"collection":[{"href":"https:\/\/zonalimitrofe-cbnr.com\/index.php\/wp-json\/wp\/v2\/posts"}],"about":[{"href":"https:\/\/zonalimitrofe-cbnr.com\/index.php\/wp-json\/wp\/v2\/types\/post"}],"author":[{"embeddable":true,"href":"https:\/\/zonalimitrofe-cbnr.com\/index.php\/wp-json\/wp\/v2\/users\/1"}],"replies":[{"embeddable":true,"href":"https:\/\/zonalimitrofe-cbnr.com\/index.php\/wp-json\/wp\/v2\/comments?post=10636"}],"version-history":[{"count":1,"href":"https:\/\/zonalimitrofe-cbnr.com\/index.php\/wp-json\/wp\/v2\/posts\/10636\/revisions"}],"predecessor-version":[{"id":10638,"href":"https:\/\/zonalimitrofe-cbnr.com\/index.php\/wp-json\/wp\/v2\/posts\/10636\/revisions\/10638"}],"wp:featuredmedia":[{"embeddable":true,"href":"https:\/\/zonalimitrofe-cbnr.com\/index.php\/wp-json\/wp\/v2\/media\/10637"}],"wp:attachment":[{"href":"https:\/\/zonalimitrofe-cbnr.com\/index.php\/wp-json\/wp\/v2\/media?parent=10636"}],"wp:term":[{"taxonomy":"category","embeddable":true,"href":"https:\/\/zonalimitrofe-cbnr.com\/index.php\/wp-json\/wp\/v2\/categories?post=10636"},{"taxonomy":"post_tag","embeddable":true,"href":"https:\/\/zonalimitrofe-cbnr.com\/index.php\/wp-json\/wp\/v2\/tags?post=10636"}],"curies":[{"name":"wp","href":"https:\/\/api.w.org\/{rel}","templated":true}]}}