{"id":10624,"date":"2024-10-05T14:05:54","date_gmt":"2024-10-05T20:05:54","guid":{"rendered":"https:\/\/zonalimitrofe-cbnr.com\/?p=10624"},"modified":"2024-10-05T14:05:54","modified_gmt":"2024-10-05T20:05:54","slug":"clubsantos-siempre-es-un-orgullo-estar-en-seleccion-nacional-munoz","status":"publish","type":"post","link":"https:\/\/zonalimitrofe-cbnr.com\/index.php\/2024\/10\/05\/clubsantos-siempre-es-un-orgullo-estar-en-seleccion-nacional-munoz\/","title":{"rendered":"#ClubSantos. \u201cSIEMPRE ES UN ORGULLO ESTAR EN SELECCI\u00d3N NACIONAL\u201d: MU\u00d1OZ"},"content":{"rendered":"\n<p>\u00b7 El atacante Santiago Mu\u00f1oz fue convocado a la Selecci\u00f3n Nacional de M\u00e9xico Sub 23, que realizar\u00e1 una gira de preparaci\u00f3n en Pa\u00edses Bajos, en el marco de la Fecha FIFA que dar\u00e1 inicio la pr\u00f3xima semana.<\/p>\n\n\n\n<p>Torre\u00f3n, Coahuila, a 5 de octubre de 2024.- Posterior a la pr\u00e1ctica matutina de este jueves en las instalaciones de Territorio Santos Modelo, el canterano albiverde Santiago Mu\u00f1oz, quien el d\u00eda de ayer fue convocado por el estratega Ricardo Cadena para representar al Tricolor Sub 23, habl\u00f3 sobre la preparaci\u00f3n de los Guerreros a lo largo de la presente semana:<\/p>\n\n\n\n<p>\u201cEst\u00e1 siendo una semana muy fuerte e intensa en todos los sentidos. Estamos enfocados en el partido frente a FC Ju\u00e1rez en el Estadio Corona. Sabemos que queda torneo por delante, vamos a luchar hasta el final; qu\u00e9 mejor que hacerlo aqu\u00ed en casa y con nuestra gente\u201d.<\/p>\n\n\n\n<p>Confianza al interior del campamento verdiblanco<\/p>\n\n\n\n<p>\u201cTenemos que confiar en nosotros, en lo que venimos trabajando y en la idea del Profesor \u201cNacho\u201d Ambriz, plasmar todo esto en la cancha, salir convencidos; estoy seguro que as\u00ed podremos obtener un resultado positivo\u201d.<\/p>\n\n\n\n<p>Convocatoria a la Selecci\u00f3n Mexicana Sub 23<\/p>\n\n\n\n<p>\u201cSiempre es un orgullo y una gran felicidad el estar en Selecci\u00f3n Nacional portando los colores de mi pa\u00eds, as\u00ed que lo tomo con la mayor responsabilidad y con todas las ganas del mundo de tambi\u00e9n representar a Santos, que, sin duda, es el Club que me ha llevado ah\u00ed\u201d.<\/p>\n\n\n\n<p>Rodaje internacional<\/p>\n\n\n\n<p>\u201cPienso que siempre es bueno salir y seguir madurando en todos los sentidos como jugador, midi\u00e9ndonos en esta ocasi\u00f3n ante equipos de Europa; ser\u00e1 una bonita experiencia para tener roce internacional\u201d.<\/p>\n","protected":false},"excerpt":{"rendered":"<p>\u00b7 El atacante Santiago Mu\u00f1oz fue convocado a la Selecci\u00f3n Nacional de M\u00e9xico Sub 23, que realizar\u00e1 una gira de preparaci\u00f3n en Pa\u00edses Bajos, en el marco de la Fecha FIFA que dar\u00e1 inicio la pr\u00f3xima semana. Torre\u00f3n, Coahuila, a 5 de octubre de 2024.- Posterior a la pr\u00e1ctica matutina de este jueves en las [&hellip;]<\/p>\n","protected":false},"author":1,"featured_media":10625,"comment_status":"open","ping_status":"open","sticky":false,"template":"","format":"standard","meta":{"_monsterinsights_skip_tracking":false,"_monsterinsights_sitenote_active":false,"_monsterinsights_sitenote_note":"","_monsterinsights_sitenote_category":0,"footnotes":""},"categories":[1],"tags":[],"_links":{"self":[{"href":"https:\/\/zonalimitrofe-cbnr.com\/index.php\/wp-json\/wp\/v2\/posts\/10624"}],"collection":[{"href":"https:\/\/zonalimitrofe-cbnr.com\/index.php\/wp-json\/wp\/v2\/posts"}],"about":[{"href":"https:\/\/zonalimitrofe-cbnr.com\/index.php\/wp-json\/wp\/v2\/types\/post"}],"author":[{"embeddable":true,"href":"https:\/\/zonalimitrofe-cbnr.com\/index.php\/wp-json\/wp\/v2\/users\/1"}],"replies":[{"embeddable":true,"href":"https:\/\/zonalimitrofe-cbnr.com\/index.php\/wp-json\/wp\/v2\/comments?post=10624"}],"version-history":[{"count":1,"href":"https:\/\/zonalimitrofe-cbnr.com\/index.php\/wp-json\/wp\/v2\/posts\/10624\/revisions"}],"predecessor-version":[{"id":10626,"href":"https:\/\/zonalimitrofe-cbnr.com\/index.php\/wp-json\/wp\/v2\/posts\/10624\/revisions\/10626"}],"wp:featuredmedia":[{"embeddable":true,"href":"https:\/\/zonalimitrofe-cbnr.com\/index.php\/wp-json\/wp\/v2\/media\/10625"}],"wp:attachment":[{"href":"https:\/\/zonalimitrofe-cbnr.com\/index.php\/wp-json\/wp\/v2\/media?parent=10624"}],"wp:term":[{"taxonomy":"category","embeddable":true,"href":"https:\/\/zonalimitrofe-cbnr.com\/index.php\/wp-json\/wp\/v2\/categories?post=10624"},{"taxonomy":"post_tag","embeddable":true,"href":"https:\/\/zonalimitrofe-cbnr.com\/index.php\/wp-json\/wp\/v2\/tags?post=10624"}],"curies":[{"name":"wp","href":"https:\/\/api.w.org\/{rel}","templated":true}]}}