{"id":10618,"date":"2024-10-05T13:59:21","date_gmt":"2024-10-05T19:59:21","guid":{"rendered":"https:\/\/zonalimitrofe-cbnr.com\/?p=10618"},"modified":"2024-10-05T13:59:21","modified_gmt":"2024-10-05T19:59:21","slug":"lerdo-sera-este-martes-el-encendido-rosa-en-lerdo-por-la-lucha-contra-el-cancer-de-mama","status":"publish","type":"post","link":"https:\/\/zonalimitrofe-cbnr.com\/index.php\/2024\/10\/05\/lerdo-sera-este-martes-el-encendido-rosa-en-lerdo-por-la-lucha-contra-el-cancer-de-mama\/","title":{"rendered":"#Lerdo. SER\u00c1 ESTE MARTES EL ENCENDIDO ROSA EN LERDO POR LA LUCHA CONTRA EL C\u00c1NCER DE MAMA*"},"content":{"rendered":"\n<p>Lerdo, 05 de octubre 2024.- En el marco conmemorativo del mes de Sensibilizaci\u00f3n sobre el C\u00e1ncer de Mama, el Gobierno Municipal de Lerdo, a trav\u00e9s del Instituto Municipal de la Mujer (IMM), invitan a toda la comunidad lerdense al encendido rosa el pr\u00f3ximo martes 8 de octubre al exterior de la Presidencia Municipal.<\/p>\n\n\n\n<p>La directora del Instituto, Mar\u00eda del Refugio Adame G\u00fcereca dio a conocer que, siguiendo las instrucciones del Presidente Municipal Homero Mart\u00ednez Cabrera, durante el mes se desarrollar\u00e1n actividades para concientizar a la poblaci\u00f3n respecto a esta enfermedad; es as\u00ed que, aunado al D\u00eda Internacional de la Mujer Rural, el 15 de octubre se impartir\u00e1 la pl\u00e1tica \u201cMujeres Valientes\u201d en el ejido La Luz.<\/p>\n\n\n\n<p>El viernes 18 de octubre a las 9:00 de la ma\u00f1ana frente al reloj en Paseo Sarabia, ser\u00e1 la formaci\u00f3n de \u201cLazo Rosa Humano\u201d, posteriormente a las 10:00 de la ma\u00f1ana en el Lobby del Teatro Hermila Galindo, se presentar\u00e1 la conferencia magistral de Prevenci\u00f3n de C\u00e1ncer de Mama, impartida por Lucy Olvera, fundadora de la asociaci\u00f3n civil KIM-ALLISON.<\/p>\n\n\n\n<p>El martes 22 se brindar\u00e1 una pl\u00e1tica del c\u00e1ncer de mama en el voluntariado del 72 Batall\u00f3n de Infanter\u00eda; el jueves 24 se realizar\u00e1 una jornada de Educaci\u00f3n Integral y sexualidad en el CBTA 47 de Villa de Le\u00f3n Guzm\u00e1n; el lunes 28 en el ejido de Sapioris se presentar\u00e1 una pl\u00e1tica sobre violencia.<\/p>\n\n\n\n<p>Cabe hacer menci\u00f3n que, dentro de las actividades de octubre, el jueves 17 a las 9:00 de la ma\u00f1ana se conmemorar\u00e1 el 71 aniversario del Sufragio Femenino en M\u00e9xico, en la plazuela Benito Ju\u00e1rez, frente al busto de Hermila Galindo.<\/p>\n\n\n\n<p>De igual manera, el Instituto Municipal de la Mujer continuar\u00e1 con los m\u00f3dulos de atenci\u00f3n de la campa\u00f1a \u201cAlza la voz, no est\u00e1s sola\u201d en la zona rural.<\/p>\n","protected":false},"excerpt":{"rendered":"<p>Lerdo, 05 de octubre 2024.- En el marco conmemorativo del mes de Sensibilizaci\u00f3n sobre el C\u00e1ncer de Mama, el Gobierno Municipal de Lerdo, a trav\u00e9s del Instituto Municipal de la Mujer (IMM), invitan a toda la comunidad lerdense al encendido rosa el pr\u00f3ximo martes 8 de octubre al exterior de la Presidencia Municipal. La directora [&hellip;]<\/p>\n","protected":false},"author":1,"featured_media":10619,"comment_status":"open","ping_status":"open","sticky":false,"template":"","format":"standard","meta":{"_monsterinsights_skip_tracking":false,"_monsterinsights_sitenote_active":false,"_monsterinsights_sitenote_note":"","_monsterinsights_sitenote_category":0,"footnotes":""},"categories":[1],"tags":[],"_links":{"self":[{"href":"https:\/\/zonalimitrofe-cbnr.com\/index.php\/wp-json\/wp\/v2\/posts\/10618"}],"collection":[{"href":"https:\/\/zonalimitrofe-cbnr.com\/index.php\/wp-json\/wp\/v2\/posts"}],"about":[{"href":"https:\/\/zonalimitrofe-cbnr.com\/index.php\/wp-json\/wp\/v2\/types\/post"}],"author":[{"embeddable":true,"href":"https:\/\/zonalimitrofe-cbnr.com\/index.php\/wp-json\/wp\/v2\/users\/1"}],"replies":[{"embeddable":true,"href":"https:\/\/zonalimitrofe-cbnr.com\/index.php\/wp-json\/wp\/v2\/comments?post=10618"}],"version-history":[{"count":1,"href":"https:\/\/zonalimitrofe-cbnr.com\/index.php\/wp-json\/wp\/v2\/posts\/10618\/revisions"}],"predecessor-version":[{"id":10620,"href":"https:\/\/zonalimitrofe-cbnr.com\/index.php\/wp-json\/wp\/v2\/posts\/10618\/revisions\/10620"}],"wp:featuredmedia":[{"embeddable":true,"href":"https:\/\/zonalimitrofe-cbnr.com\/index.php\/wp-json\/wp\/v2\/media\/10619"}],"wp:attachment":[{"href":"https:\/\/zonalimitrofe-cbnr.com\/index.php\/wp-json\/wp\/v2\/media?parent=10618"}],"wp:term":[{"taxonomy":"category","embeddable":true,"href":"https:\/\/zonalimitrofe-cbnr.com\/index.php\/wp-json\/wp\/v2\/categories?post=10618"},{"taxonomy":"post_tag","embeddable":true,"href":"https:\/\/zonalimitrofe-cbnr.com\/index.php\/wp-json\/wp\/v2\/tags?post=10618"}],"curies":[{"name":"wp","href":"https:\/\/api.w.org\/{rel}","templated":true}]}}