{"id":10600,"date":"2024-10-05T13:43:16","date_gmt":"2024-10-05T19:43:16","guid":{"rendered":"https:\/\/zonalimitrofe-cbnr.com\/?p=10600"},"modified":"2024-10-05T13:43:17","modified_gmt":"2024-10-05T19:43:17","slug":"coahuila-cierran-los-festejos-del-200-aniversario-de-coahuila-y-texas","status":"publish","type":"post","link":"https:\/\/zonalimitrofe-cbnr.com\/index.php\/2024\/10\/05\/coahuila-cierran-los-festejos-del-200-aniversario-de-coahuila-y-texas\/","title":{"rendered":"#Coahuila. CIERRAN LOS FESTEJOS DEL 200 ANIVERSARIO DE COAHUILA Y TEXAS"},"content":{"rendered":"\n<p>\u00b7 Preside Manolo Jim\u00e9nez la ceremonia en la que se deposit\u00f3 la C\u00e1psula del Tiempo \u201c200 A\u00f1os, 200 Historias\u201d, que se abrir\u00e1 dentro de 20 a\u00f1os<\/p>\n\n\n\n<p>Saltillo, Coahuila de Zaragoza; a 04 de octubre de 2024.- Desde la plaza de armas de la capital del estado, y acompa\u00f1ado por Melissa Bishop, C\u00f3nsul General de Estados Unidos en Monterrey, el gobernador Manolo Jim\u00e9nez Salinas presidi\u00f3 la ceremonia en la que se deposit\u00f3 la C\u00e1psula del Tiempo \u201c200 A\u00f1os, 200 Historias\u201d evento con el que finalizan las celebraciones por el Bicentenario Coahuila-Texas, 200 A\u00f1os de Grandeza.<\/p>\n\n\n\n<p>\u201cCerramos esta exitosa semana en Saltillo de la mejor manera, depositando la c\u00e1psula del tiempo \u201c200 A\u00f1os, 200 Historias\u201d con lo que culminamos los festejos del bicentenario de nuestro estado. Reconocemos la grandeza de Coahuila que a nivel nacional es l\u00edder y un gran ejemplo. \u00a1Qu\u00e9 viva Coahuila!\u201d, destac\u00f3 el gobernador.<\/p>\n\n\n\n<p>Con la presencia adem\u00e1s de Paola Rodr\u00edguez L\u00f3pez, presidenta honoraria de Inspira Coahuila; Liliana Salinas Vald\u00e9s, presidenta honoraria del DIF Coahuila; as\u00ed como representantes de los poderes Legislativo y Judicial, mandos militares, alcaldesas, alcaldes y representantes de los 38 municipios del estado, Manolo Jim\u00e9nez reafirm\u00f3 su compromiso, y el de todo su equipo, de trabajo unido y coordinado para que las ni\u00f1as, ni\u00f1os, j\u00f3venes, adolescentes y familias en general sigan viviendo por 200 a\u00f1os m\u00e1s en el mejor lugar de M\u00e9xico: Coahuila.<\/p>\n\n\n\n<p>\u201cAqu\u00ed en Coahuila trabajamos en equipo Sociedad, iniciativa privada y Gobierno por el bien de nuestra gente\u201d, mencion\u00f3.<\/p>\n\n\n\n<p>Reiter\u00f3, adem\u00e1s, su compromiso de trabajo coordinado y en equipo con el Consulado de Estados Unidos y con su Embajada, por el bien de Coahuila, por el bien de M\u00e9xico, por el bien de Texas y de Estados Unidos.<\/p>\n\n\n\n<p>El mandatario estatal coment\u00f3 que la vecindad que tiene Coahuila con Estados Unidos y Texas es una doble oportunidad para nuestro estado, ya que el pa\u00eds vecino es la primera econom\u00eda del mundo, y Texas, si fuera un pa\u00eds independiente, ser\u00eda la octava econom\u00eda, \u201centonces Coahuila es vecino, al mismo tiempo, de la primera y de la octava econom\u00eda del mundo, y eso sirve mucho y se debe celebrar\u201d.<\/p>\n\n\n\n<p>Reconoci\u00f3 el trabajo de todo el equipo que estuvo detr\u00e1s de todas las actividades con las que se celebr\u00f3 el Bicentenario, y record\u00f3 que \u00e9l particip\u00f3 en algunas de ellas, como la gira que realizaron por el estado de Texas, y en la que fue recibido por el gobernador Gregg Abbot en su residencia para celebrar la grandeza de Coahuila y de Texas en estos 200 a\u00f1os de historia.<\/p>\n\n\n\n<p>Coment\u00f3 que de esta gira deriv\u00f3 la apertura de la Oficina de Pro Coahuila en Estados Unidos, con sede en la ciudad de Austin, Texas.<\/p>\n\n\n\n<p>Manolo Jim\u00e9nez resalt\u00f3 la gran alianza que hay entre Estados Unidos y M\u00e9xico al ser los principales socios comerciales del mundo, y se\u00f1al\u00f3 que la competitividad se desarrolla ya de manera regional, y que aqu\u00ed Canad\u00e1, Estados Unidos y M\u00e9xico est\u00e1n en el mismo equipo econ\u00f3mico para competir contra el mundo.<\/p>\n\n\n\n<p>\u201cPor eso es fundamental seguir fortaleciendo esta relaci\u00f3n para que, con las mismas empresas americanas, que son el 40 por ciento de la inversi\u00f3n extranjera que hay en Coahuila, podamos hacer un plan y llevar desarrollo econ\u00f3mico parejo a otras regiones de Coahuila; aqu\u00ed tienen certeza y tienen la seguridad de que si siguen invirtiendo en Coahuila les va a ir muy bien\u201d, expres\u00f3.<\/p>\n\n\n\n<p>El gobernador Manolo Jim\u00e9nez destac\u00f3 que Coahuila es el mejor estado de este pa\u00eds para vivir con nuestras familias. Un estado con desarrollo econ\u00f3mico, un estado con calidad de vida, un estado con seguridad, un estado donde la gran mayor\u00eda de la gente vive feliz.<\/p>\n\n\n\n<p>Blas Jos\u00e9 Flores Gonz\u00e1lez, jefe de Gabinete y Proyectos Estrat\u00e9gicos record\u00f3 las acciones que se llevaron a cabo dentro de los festejos por el Bicentenario de Coahuila-Texas.<\/p>\n\n\n\n<p>Coment\u00f3 que por medio de una cabina m\u00f3vil se visitaron los 38 municipios de Coahuila donde los ciudadanos depositaron en la c\u00e1psula documentos alusivos al bicentenario, como fotograf\u00edas, dibujos, documentos hist\u00f3ricos, acta de instalaci\u00f3n del primer Congreso Constituyente, monedas y billetes conmemorativos, r\u00e9plica de f\u00f3sil de dinosaurio coahuilense, planos del nuevo centro deportivo \u201cBicentenario Coahuila \u2013 Texas\u201d, entre otros objetos.<\/p>\n\n\n\n<p>Durante esta ceremonia, la c\u00e1psula fue cerrada y estar\u00e1 as\u00ed durante los pr\u00f3ximos 20 a\u00f1os. Se volver\u00e1 a abrir en el 2044.<\/p>\n\n\n\n<p>Dijo, adem\u00e1s, que otras de las acciones que se llevaron a cabo dentro de estas festividades fueron, el documental \u201cCoahuila 200 A\u00f1os de Grandeza\u201d; Sesi\u00f3n Solemne e Inscripci\u00f3n con letras doradas en el Congreso del Estado; gira de la cabina fotogr\u00e1fica 200 a\u00f1os, 200 historias; Concurso de dibujo \u201cMi Familia, Mi Comunidad, Mi Coahuila en 20 a\u00f1os\u201d; exposici\u00f3n fotogr\u00e1fica itinerante \u201cCoahuila 200 A\u00f1os de Grandeza\u201d; gira de la Orquesta Filarm\u00f3nica del Desierto de Coahuila y Black Cherry Contry Band; participaci\u00f3n en la Feria Internacional del Libro Coahuila 2024; gira de promoci\u00f3n econ\u00f3mica y tur\u00edstica en el Estado de Texas; participaci\u00f3n en el Tianguis Tur\u00edstico Internacional de Pueblos M\u00e1gicos en San Antonio, Texas.<\/p>\n\n\n\n<p>\u201cHoy nuestro gobernador, el poder Legislativo, el poder Judicial, la C\u00f3nsul de Estados Unidos en Monterrey, los 38 municipios, los ni\u00f1os ganadores del concurso de dibujo, funcionarios y miembros de la Sociedad Civil depositaron en esta c\u00e1psula del tiempo una amplia gama de elementos representativos del estado\u201d, inform\u00f3.<\/p>\n\n\n\n<p>Melissa Bishop, C\u00f3nsul General de Estados Unidos en Monterrey coment\u00f3 que en esta que es su primera visita a Coahuila es una oportunidad para celebrar los profundos lazos hist\u00f3ricos entre los dos pa\u00edses, y entre Coahuila y Texas.<\/p>\n\n\n\n<p>Resalt\u00f3 que las relaciones entre Estados Unidos y M\u00e9xico van m\u00e1s all\u00e1 de los temas diplom\u00e1ticos, pol\u00edticos o econ\u00f3micos. Mencion\u00f3 que con la gran relaci\u00f3n entre Coahuila y Texas se podr\u00e1 llevar a cabo programas de intercambios acad\u00e9micos para llevar a estudiantes de Coahuila a Texas, y viceversa.<\/p>\n\n\n\n<p>La ni\u00f1a Ambar Anguiano Galindo, ganadora del Concurso de Dibujo \u201cMi Familia, Mi Comunidad, Mi Coahuila en 20 a\u00f1os\u201d agradeci\u00f3 al gobernador por convocar a las y los ni\u00f1os de Coahuila a este concurso y por el reconocimiento que recibi\u00f3, \u201cse\u00f1or gobernador, en sus manos pongo el futuro de Coahuila, de nosotros, y de todas las ni\u00f1as y ni\u00f1os\u201d.<\/p>\n\n\n\n<p>Acompa\u00f1aron al gobernador en este evento, adem\u00e1s, Jos\u00e9 Mar\u00eda Fraustro Siller, presidente municipal de Saltillo; Miguel Felipe Mery Ayup, magistrado presidente del Tribunal Superior de Justicia; Guillermo Ruiz Guerra, diputado local; General de Brigada DEM Vicente P\u00e9rez L\u00f3pez, Comandante de la 6\u00b0 Zona Militar; y Rom\u00e1n Alberto Cepeda, alcalde de Torre\u00f3n, as\u00ed como alcaldesas, alcaldes y representantes de todos los municipios de Coahuila.<\/p>\n","protected":false},"excerpt":{"rendered":"<p>\u00b7 Preside Manolo Jim\u00e9nez la ceremonia en la que se deposit\u00f3 la C\u00e1psula del Tiempo \u201c200 A\u00f1os, 200 Historias\u201d, que se abrir\u00e1 dentro de 20 a\u00f1os Saltillo, Coahuila de Zaragoza; a 04 de octubre de 2024.- Desde la plaza de armas de la capital del estado, y acompa\u00f1ado por Melissa Bishop, C\u00f3nsul General de Estados [&hellip;]<\/p>\n","protected":false},"author":1,"featured_media":10601,"comment_status":"open","ping_status":"open","sticky":false,"template":"","format":"standard","meta":{"_monsterinsights_skip_tracking":false,"_monsterinsights_sitenote_active":false,"_monsterinsights_sitenote_note":"","_monsterinsights_sitenote_category":0,"footnotes":""},"categories":[1],"tags":[],"_links":{"self":[{"href":"https:\/\/zonalimitrofe-cbnr.com\/index.php\/wp-json\/wp\/v2\/posts\/10600"}],"collection":[{"href":"https:\/\/zonalimitrofe-cbnr.com\/index.php\/wp-json\/wp\/v2\/posts"}],"about":[{"href":"https:\/\/zonalimitrofe-cbnr.com\/index.php\/wp-json\/wp\/v2\/types\/post"}],"author":[{"embeddable":true,"href":"https:\/\/zonalimitrofe-cbnr.com\/index.php\/wp-json\/wp\/v2\/users\/1"}],"replies":[{"embeddable":true,"href":"https:\/\/zonalimitrofe-cbnr.com\/index.php\/wp-json\/wp\/v2\/comments?post=10600"}],"version-history":[{"count":1,"href":"https:\/\/zonalimitrofe-cbnr.com\/index.php\/wp-json\/wp\/v2\/posts\/10600\/revisions"}],"predecessor-version":[{"id":10602,"href":"https:\/\/zonalimitrofe-cbnr.com\/index.php\/wp-json\/wp\/v2\/posts\/10600\/revisions\/10602"}],"wp:featuredmedia":[{"embeddable":true,"href":"https:\/\/zonalimitrofe-cbnr.com\/index.php\/wp-json\/wp\/v2\/media\/10601"}],"wp:attachment":[{"href":"https:\/\/zonalimitrofe-cbnr.com\/index.php\/wp-json\/wp\/v2\/media?parent=10600"}],"wp:term":[{"taxonomy":"category","embeddable":true,"href":"https:\/\/zonalimitrofe-cbnr.com\/index.php\/wp-json\/wp\/v2\/categories?post=10600"},{"taxonomy":"post_tag","embeddable":true,"href":"https:\/\/zonalimitrofe-cbnr.com\/index.php\/wp-json\/wp\/v2\/tags?post=10600"}],"curies":[{"name":"wp","href":"https:\/\/api.w.org\/{rel}","templated":true}]}}