{"id":10572,"date":"2024-10-04T14:10:34","date_gmt":"2024-10-04T20:10:34","guid":{"rendered":"https:\/\/zonalimitrofe-cbnr.com\/?p=10572"},"modified":"2024-10-04T14:10:34","modified_gmt":"2024-10-04T20:10:34","slug":"durango-octubre-se-pinta-de-rosa-presenta-marisol-actividades-para-conmemorar-el-dia-internacional-contra-el-cancer-de-mama","status":"publish","type":"post","link":"https:\/\/zonalimitrofe-cbnr.com\/index.php\/2024\/10\/04\/durango-octubre-se-pinta-de-rosa-presenta-marisol-actividades-para-conmemorar-el-dia-internacional-contra-el-cancer-de-mama\/","title":{"rendered":"#Durango. Octubre se pinta de rosa; presenta Marisol actividades para conmemorar el D\u00eda Internacional contra el C\u00e1ncer de Mama"},"content":{"rendered":"\n<ul>\n<li><em>Llegan los Caf\u00e9s Rosa, Ruta de la Salud con mast\u00f3grafos, por primera vez la Callejoneada Rosa y el brillo de la Marea Rosa Glow 5K.<\/em><\/li>\n<\/ul>\n\n\n\n<p>Octubre se pinta de rosa y el Gobierno del Estado a trav\u00e9s del DIF Estatal, presenta actividades como los Caf\u00e9s Rosa, la Ruta de la Salud con mast\u00f3grafos, la Callejoneada Rosa y la carrera Marea Rosa Ne\u00f3n 5K, para que todos los duranguenses se sumen a la prevenci\u00f3n oportuna del c\u00e1ncer de mama.<\/p>\n\n\n\n<p>\u201cSi la mujer est\u00e1 bien, la familia est\u00e1 bien\u201d, expres\u00f3 Marisol Rosso Rivera, presidenta del DIF Estatal, al desglosar dichas actividades que realizar\u00e1 el Gobierno de Esteban Villegas durante este mes de octubre para conmemorar el D\u00eda Internacional contra el C\u00e1ncer de Mama.<\/p>\n\n\n\n<p>Record\u00f3 que para iniciar este mes, se llev\u00f3 a cabo \u201cLa Caminata de la Esperanza\u201d, que junto a m\u00e1s de cinco mil personas recorrieron las principales calles de la ciudad, como muestra de unidad y solidaridad con las mujeres que luchan contra esta enfermedad, as\u00ed como las que le ganaron la batalla; evento en el cual, fue entregada una unidad m\u00f3vil equipada con un mast\u00f3grafo, que formar\u00e1 parte de los recorridos de la Ruta de la Salud Rosa.<\/p>\n\n\n\n<p>Marisol Rosso comparti\u00f3 que la campa\u00f1a de \u201cCaf\u00e9s Rosa\u201d, nuevamente se suma para recorrer diferentes comunidades de municipios como Durango, Santiago Papasquiaro, Mapim\u00ed, G\u00f3mez Palacio, Lerdo, Poanas, Mezquital, Pueblo Nuevo, El Oro, San Juan del R\u00edo y Guadalupe Victoria, para que la atenci\u00f3n y sobre todo la detecci\u00f3n del c\u00e1ncer de mama, est\u00e9n en cada rinc\u00f3n del estado.<\/p>\n\n\n\n<p>Entre las novedades del mes rosa, la Presidenta dio a conocer que el domingo 20 de octubre, se tendr\u00e1 por primera vez una tarde de magia y cultura en familia, con la \u201cCallejoneada Rosa\u201d, que iniciar\u00e1 a las 18:00 horas, con salida en calle 20 de Noviembre esquina con Independencia, para llegar al Teatro del Calvario \u201cLilia Santaella\u201d, donde estar\u00e1n las guerreras vestidas de blanco para disfrutar del espect\u00e1culo.<\/p>\n\n\n\n<p>Junto al titular del Instituto Estatal del Deporte, C\u00e9sar C\u00e1rdenas, Marisol, destac\u00f3 que Durango y La Laguna brillar\u00e1n con la carrera \u201cMarea Rosa Glow 5K\u201d, que por primera vez ser\u00e1 nocturna; en la Comarca ser\u00e1 el 25 de octubre en Torre Eiffel y bulevar Gonz\u00e1lez Vega, en punto de las 19:00 horas, mientras que en la capital se llevar\u00e1 a cabo el 26 de octubre, con salida y meta en bulevar G\u00f3mez Mor\u00edn, a la misma hora.<\/p>\n\n\n\n<p>Por su parte, el titular de la Secretar\u00eda de Salud, Mois\u00e9s N\u00e1jera, comparti\u00f3 que la cifra recaudada en esta carrera de convivencia, ser\u00e1 destinada a la Cl\u00ednica del Cuidado de C\u00e1ncer de Mama, ubicada dentro del Centro Estatal de Cancerolog\u00eda (CECAN), para que las pacientes sean cuidadas desde su diagn\u00f3stico hasta su tratamiento post quir\u00fargico.<\/p>\n\n\n\n<p>Con acciones como estas, adem\u00e1s de preocuparse y ocuparse por la salud de los duranguenses el Gobierno del Estado a trav\u00e9s de DIF Estatal, busca que la informaci\u00f3n llegue hasta las comunidades m\u00e1s alejadas, pues la \u00fanica manera de combatir el c\u00e1ncer de mama, es la prevenci\u00f3n oportuna.<\/p>\n\n\n\n<p><\/p>\n","protected":false},"excerpt":{"rendered":"<p>Octubre se pinta de rosa y el Gobierno del Estado a trav\u00e9s del DIF Estatal, presenta actividades como los Caf\u00e9s Rosa, la Ruta de la Salud con mast\u00f3grafos, la Callejoneada Rosa y la carrera Marea Rosa Ne\u00f3n 5K, para que todos los duranguenses se sumen a la prevenci\u00f3n oportuna del c\u00e1ncer de mama. \u201cSi la [&hellip;]<\/p>\n","protected":false},"author":1,"featured_media":10573,"comment_status":"open","ping_status":"open","sticky":false,"template":"","format":"standard","meta":{"_monsterinsights_skip_tracking":false,"_monsterinsights_sitenote_active":false,"_monsterinsights_sitenote_note":"","_monsterinsights_sitenote_category":0,"footnotes":""},"categories":[1],"tags":[],"_links":{"self":[{"href":"https:\/\/zonalimitrofe-cbnr.com\/index.php\/wp-json\/wp\/v2\/posts\/10572"}],"collection":[{"href":"https:\/\/zonalimitrofe-cbnr.com\/index.php\/wp-json\/wp\/v2\/posts"}],"about":[{"href":"https:\/\/zonalimitrofe-cbnr.com\/index.php\/wp-json\/wp\/v2\/types\/post"}],"author":[{"embeddable":true,"href":"https:\/\/zonalimitrofe-cbnr.com\/index.php\/wp-json\/wp\/v2\/users\/1"}],"replies":[{"embeddable":true,"href":"https:\/\/zonalimitrofe-cbnr.com\/index.php\/wp-json\/wp\/v2\/comments?post=10572"}],"version-history":[{"count":1,"href":"https:\/\/zonalimitrofe-cbnr.com\/index.php\/wp-json\/wp\/v2\/posts\/10572\/revisions"}],"predecessor-version":[{"id":10574,"href":"https:\/\/zonalimitrofe-cbnr.com\/index.php\/wp-json\/wp\/v2\/posts\/10572\/revisions\/10574"}],"wp:featuredmedia":[{"embeddable":true,"href":"https:\/\/zonalimitrofe-cbnr.com\/index.php\/wp-json\/wp\/v2\/media\/10573"}],"wp:attachment":[{"href":"https:\/\/zonalimitrofe-cbnr.com\/index.php\/wp-json\/wp\/v2\/media?parent=10572"}],"wp:term":[{"taxonomy":"category","embeddable":true,"href":"https:\/\/zonalimitrofe-cbnr.com\/index.php\/wp-json\/wp\/v2\/categories?post=10572"},{"taxonomy":"post_tag","embeddable":true,"href":"https:\/\/zonalimitrofe-cbnr.com\/index.php\/wp-json\/wp\/v2\/tags?post=10572"}],"curies":[{"name":"wp","href":"https:\/\/api.w.org\/{rel}","templated":true}]}}