{"id":10560,"date":"2024-10-04T13:50:26","date_gmt":"2024-10-04T19:50:26","guid":{"rendered":"https:\/\/zonalimitrofe-cbnr.com\/?p=10560"},"modified":"2024-10-04T13:50:26","modified_gmt":"2024-10-04T19:50:26","slug":"lerdo-liberan-tramo-vial-en-carretera-lerdo-nazareno","status":"publish","type":"post","link":"https:\/\/zonalimitrofe-cbnr.com\/index.php\/2024\/10\/04\/lerdo-liberan-tramo-vial-en-carretera-lerdo-nazareno\/","title":{"rendered":"#Lerdo. LIBERAN TRAMO VIAL EN CARRETERA LERDO \u2013 NAZARENO*"},"content":{"rendered":"\n<p>Lerdo, 04 de octubre de 2024.- Isabel Mac\u00edas Sifuentes, directora de Protecci\u00f3n Civil de Ciudad Lerdo, inform\u00f3 que la noche del jueves fue liberada la carretera Lerdo-Nazareno, pues los deslaves registrados en el tramo conocido como Cuesta de la Fortuna hab\u00edan obligado al cierre parcial del tramo por parte de las autoridades municipales y federales, con el fin de evitar mayores afectaciones a los conductores.<\/p>\n\n\n\n<p>La funcionaria coment\u00f3 que, despu\u00e9s de los trabajos realizados por la Secretar\u00eda de Infraestructura, Comunicaciones y Transportes (SICT), que utiliz\u00f3 maquinaria pesada para retirar las piedras con riesgo de deslave, se pudo reabrir la circulaci\u00f3n alrededor de las 8:00 de la noche.<\/p>\n\n\n\n<p>El \u00e1rea fue resguardada por elementos de la Guardia Nacional y Vialidad del Municipio, quienes se\u00f1alizaron el cierre del carril afectado y orientaron a los conductores para evitar accidentes.<\/p>\n\n\n\n<p>La Coordinadora de Protecci\u00f3n Civil destac\u00f3 la importancia de que los ciudadanos realicen reportes inmediatos a trav\u00e9s de la l\u00ednea de emergencia 911 ante cualquier anomal\u00eda o incidente en carretera, ya que de esta manera se pueden salvar muchas vidas.<\/p>\n\n\n\n<p>Por \u00faltimo, se\u00f1al\u00f3 que, por instrucciones del Alcalde Homero Mart\u00ednez, la Coordinaci\u00f3n de Protecci\u00f3n Civil y Bomberos est\u00e1 comprometida con la seguridad de la ciudadan\u00eda, al ser los primeros respondientes ante cualquier situaci\u00f3n de emergencia.<\/p>\n","protected":false},"excerpt":{"rendered":"<p>Lerdo, 04 de octubre de 2024.- Isabel Mac\u00edas Sifuentes, directora de Protecci\u00f3n Civil de Ciudad Lerdo, inform\u00f3 que la noche del jueves fue liberada la carretera Lerdo-Nazareno, pues los deslaves registrados en el tramo conocido como Cuesta de la Fortuna hab\u00edan obligado al cierre parcial del tramo por parte de las autoridades municipales y federales, [&hellip;]<\/p>\n","protected":false},"author":1,"featured_media":10561,"comment_status":"open","ping_status":"open","sticky":false,"template":"","format":"standard","meta":{"_monsterinsights_skip_tracking":false,"_monsterinsights_sitenote_active":false,"_monsterinsights_sitenote_note":"","_monsterinsights_sitenote_category":0,"footnotes":""},"categories":[1],"tags":[],"_links":{"self":[{"href":"https:\/\/zonalimitrofe-cbnr.com\/index.php\/wp-json\/wp\/v2\/posts\/10560"}],"collection":[{"href":"https:\/\/zonalimitrofe-cbnr.com\/index.php\/wp-json\/wp\/v2\/posts"}],"about":[{"href":"https:\/\/zonalimitrofe-cbnr.com\/index.php\/wp-json\/wp\/v2\/types\/post"}],"author":[{"embeddable":true,"href":"https:\/\/zonalimitrofe-cbnr.com\/index.php\/wp-json\/wp\/v2\/users\/1"}],"replies":[{"embeddable":true,"href":"https:\/\/zonalimitrofe-cbnr.com\/index.php\/wp-json\/wp\/v2\/comments?post=10560"}],"version-history":[{"count":1,"href":"https:\/\/zonalimitrofe-cbnr.com\/index.php\/wp-json\/wp\/v2\/posts\/10560\/revisions"}],"predecessor-version":[{"id":10562,"href":"https:\/\/zonalimitrofe-cbnr.com\/index.php\/wp-json\/wp\/v2\/posts\/10560\/revisions\/10562"}],"wp:featuredmedia":[{"embeddable":true,"href":"https:\/\/zonalimitrofe-cbnr.com\/index.php\/wp-json\/wp\/v2\/media\/10561"}],"wp:attachment":[{"href":"https:\/\/zonalimitrofe-cbnr.com\/index.php\/wp-json\/wp\/v2\/media?parent=10560"}],"wp:term":[{"taxonomy":"category","embeddable":true,"href":"https:\/\/zonalimitrofe-cbnr.com\/index.php\/wp-json\/wp\/v2\/categories?post=10560"},{"taxonomy":"post_tag","embeddable":true,"href":"https:\/\/zonalimitrofe-cbnr.com\/index.php\/wp-json\/wp\/v2\/tags?post=10560"}],"curies":[{"name":"wp","href":"https:\/\/api.w.org\/{rel}","templated":true}]}}