{"id":10552,"date":"2024-10-03T17:25:53","date_gmt":"2024-10-03T23:25:53","guid":{"rendered":"https:\/\/zonalimitrofe-cbnr.com\/?p=10552"},"modified":"2024-10-03T17:25:54","modified_gmt":"2024-10-03T23:25:54","slug":"telecomunicaciones-un-nuevo-sexenio","status":"publish","type":"post","link":"https:\/\/zonalimitrofe-cbnr.com\/index.php\/2024\/10\/03\/telecomunicaciones-un-nuevo-sexenio\/","title":{"rendered":"#Telecomunicaciones, Un Nuevo Sexenio"},"content":{"rendered":"\n<p>Ernesto Piedras<br>Con el advenimiento de un nuevo sexenio, las acciones de pol\u00edtica p\u00fablica y regulatorias en torno al sector de telecomunicaciones perfilan su renovada importancia.<\/p>\n\n\n\n<p>El pa\u00eds encara los continuados desaf\u00edos de conectividad, inclusi\u00f3n digital, transici\u00f3n tecnol\u00f3gica, expansi\u00f3n en el despliegue de infraestructura y consecuci\u00f3n de la competencia efectiva, todos ellos a la mitad del camino o acaso un poco m\u00e1s adelante, pero ninguno plenamente concluido.<\/p>\n\n\n\n<p>\u00bfQu\u00e9 podemos esperar del nuevo gobierno en estos asuntos?<\/p>\n\n\n\n<p>La Brecha Digital: Prioridad Nacional. Uno de los mayores retos para M\u00e9xico sigue siendo la brecha digital, una barrera que limita el crecimiento econ\u00f3mico y social, particularmente en zonas rurales.<\/p>\n\n\n\n<p>Durante su campa\u00f1a, como en sus 100 compromisos al inicio de su sexenio, la hoy presidenta Sheinbaum se comprometi\u00f3 a ampliar el acceso a internet y eliminar la brecha de conectividad.<\/p>\n\n\n\n<p>Para conseguir este cometido, se apalancar\u00e1 de la expansi\u00f3n del programa \u201cInternet para Todos\u201d, el fortalecimiento de CFE TEIT y las capacidades de Alt\u00e1n Redes. Ello, con el objetivo no s\u00f3lo de llevar conectividad a las zonas remotas del pa\u00eds, sino en ofrecer internet a precios asequibles a lo largo de todo el pa\u00eds.<\/p>\n\n\n\n<p>No obstante, tambi\u00e9n se requiere una pol\u00edtica conducente de inversiones tanto p\u00fablicas como privadas. El gobierno debe fomentar la inversi\u00f3n en el desarrollo de 5G, redes de fibra \u00f3ptica y soluciones satelitales de conectividad, as\u00ed como asegurar que el futuro marco regulatorio resulte en un entorno competitivo, asequible y equitativo para todos los jugadores.<\/p>\n\n\n\n<p>Tambi\u00e9n, es menester un enfoque integral que combine la expansi\u00f3n de redes con programas de educaci\u00f3n digital y acceso a dispositivos para impulsar la inclusi\u00f3n digital en M\u00e9xico.<\/p>\n\n\n\n<p>Transformaci\u00f3n Digital para la Eficiencia Gubernamental. La creaci\u00f3n de la Agencia de Transformaci\u00f3n Digital (ATD) deber\u00eda buscar gestar de una vez por todas, finalmente y m\u00e1s all\u00e1 de la mera ret\u00f3rica, un gobierno m\u00e1s eficiente, transparente y accesible.<\/p>\n\n\n\n<p>La ATD propone reducir a la mitad el n\u00famero de tr\u00e1mites gubernamentales, recortar en la misma raz\u00f3n el tiempo requerido para realizarlos y los requisitos asociados, alcanzando hasta un 80% de procesos digitalizados.<br>Un verdadero eGobierno para el ya demandante eCiudadano.<\/p>\n\n\n\n<p>Adem\u00e1s, tiene el prop\u00f3sito de combatir la corrupci\u00f3n y mejorar la recaudaci\u00f3n fiscal a trav\u00e9s de la digitalizaci\u00f3n del SAT y las aduanas. Esto se har\u00e1 mediante herramientas tecnol\u00f3gicas de nueva generaci\u00f3n como la inteligencia artificial y sistemas de revisi\u00f3n &#8220;no intrusiva&#8221;, sin necesidad de implementar nuevas reformas fiscales.<\/p>\n\n\n\n<p>Regulaci\u00f3n Sectorial y Transici\u00f3n Institucional. Si bien queda pendiente la aprobaci\u00f3n de la iniciativa de extinci\u00f3n del Instituto Federal de Telecomunicaciones (IFT) y la transferencia de sus facultades a la Secretar\u00eda de Infraestructura, Comunicaciones y Transportes (SICT), se prev\u00e9 que se preserve la especializaci\u00f3n y autonom\u00eda de la autoridad regulatoria.<\/p>\n\n\n\n<p>La autonom\u00eda en las decisiones, agn\u00f3sticas al vaiv\u00e9n pol\u00edtico, la promoci\u00f3n de la competencia efectiva con mecanismos de regulaci\u00f3n asim\u00e9trica temporales, el otorgamiento de concesiones y licencias del espectro bajo los principios de transparencia y eficiencia; son algunas de las facultades que se deben preservar en la transici\u00f3n institucional.<\/p>\n\n\n\n<p>El camino hacia la competencia efectiva y el desarrollo eficiente sectorial requiere de una mejora continua de los marcos regulatorios y normativos actuales y fortalecimiento institucional.<\/p>\n\n\n\n<p>Las materias aqu\u00ed referidas son algunas en las que la presidencia de Claudia Sheinbaum abre una oportunidad para que M\u00e9xico avance en el sector de telecomunicaciones.<\/p>\n\n\n\n<p>Los retos persisten, pero con la implementaci\u00f3n atinada de pol\u00edticas p\u00fablicas y una regulaci\u00f3n conducente de la competencia efectiva, se puede dar un salto significativo en el desarrollo sectorial.<\/p>\n\n\n\n<p>Las expectativas son altas, y los agentes econ\u00f3micos estar\u00e1n observando de cerca y actuando en consecuencia a cada acci\u00f3n gubernamental.<\/p>\n","protected":false},"excerpt":{"rendered":"<p>Ernesto PiedrasCon el advenimiento de un nuevo sexenio, las acciones de pol\u00edtica p\u00fablica y regulatorias en torno al sector de telecomunicaciones perfilan su renovada importancia. El pa\u00eds encara los continuados desaf\u00edos de conectividad, inclusi\u00f3n digital, transici\u00f3n tecnol\u00f3gica, expansi\u00f3n en el despliegue de infraestructura y consecuci\u00f3n de la competencia efectiva, todos ellos a la mitad del [&hellip;]<\/p>\n","protected":false},"author":1,"featured_media":10553,"comment_status":"open","ping_status":"open","sticky":false,"template":"","format":"standard","meta":{"_monsterinsights_skip_tracking":false,"_monsterinsights_sitenote_active":false,"_monsterinsights_sitenote_note":"","_monsterinsights_sitenote_category":0,"footnotes":""},"categories":[1],"tags":[],"_links":{"self":[{"href":"https:\/\/zonalimitrofe-cbnr.com\/index.php\/wp-json\/wp\/v2\/posts\/10552"}],"collection":[{"href":"https:\/\/zonalimitrofe-cbnr.com\/index.php\/wp-json\/wp\/v2\/posts"}],"about":[{"href":"https:\/\/zonalimitrofe-cbnr.com\/index.php\/wp-json\/wp\/v2\/types\/post"}],"author":[{"embeddable":true,"href":"https:\/\/zonalimitrofe-cbnr.com\/index.php\/wp-json\/wp\/v2\/users\/1"}],"replies":[{"embeddable":true,"href":"https:\/\/zonalimitrofe-cbnr.com\/index.php\/wp-json\/wp\/v2\/comments?post=10552"}],"version-history":[{"count":1,"href":"https:\/\/zonalimitrofe-cbnr.com\/index.php\/wp-json\/wp\/v2\/posts\/10552\/revisions"}],"predecessor-version":[{"id":10554,"href":"https:\/\/zonalimitrofe-cbnr.com\/index.php\/wp-json\/wp\/v2\/posts\/10552\/revisions\/10554"}],"wp:featuredmedia":[{"embeddable":true,"href":"https:\/\/zonalimitrofe-cbnr.com\/index.php\/wp-json\/wp\/v2\/media\/10553"}],"wp:attachment":[{"href":"https:\/\/zonalimitrofe-cbnr.com\/index.php\/wp-json\/wp\/v2\/media?parent=10552"}],"wp:term":[{"taxonomy":"category","embeddable":true,"href":"https:\/\/zonalimitrofe-cbnr.com\/index.php\/wp-json\/wp\/v2\/categories?post=10552"},{"taxonomy":"post_tag","embeddable":true,"href":"https:\/\/zonalimitrofe-cbnr.com\/index.php\/wp-json\/wp\/v2\/tags?post=10552"}],"curies":[{"name":"wp","href":"https:\/\/api.w.org\/{rel}","templated":true}]}}