{"id":10535,"date":"2024-10-03T17:07:34","date_gmt":"2024-10-03T23:07:34","guid":{"rendered":"https:\/\/zonalimitrofe-cbnr.com\/?p=10535"},"modified":"2024-10-03T17:07:35","modified_gmt":"2024-10-03T23:07:35","slug":"lerdo-deslave-en-la-carretera-lerdo-nazareno-moviliza-a-proteccion-civil-y-bomberos","status":"publish","type":"post","link":"https:\/\/zonalimitrofe-cbnr.com\/index.php\/2024\/10\/03\/lerdo-deslave-en-la-carretera-lerdo-nazareno-moviliza-a-proteccion-civil-y-bomberos\/","title":{"rendered":"#Lerdo. DESLAVE EN LA CARRETERA LERDO-NAZARENO MOVILIZA A PROTECCI\u00d3N CIVIL Y BOMBEROS*"},"content":{"rendered":"\n<p>Lerdo, 03 de octubre 2024.- La Coordinaci\u00f3n de Protecci\u00f3n Civil y Bomberos de Lerdo respondi\u00f3 ante el llamado de emergencia en la carretera Lerdo-Nazareno, luego de que se originara un deslave en el tramo conocido como la Cuesta de la Fortuna. El incidente fue reportado alrededor de las cuatro de la ma\u00f1ana a trav\u00e9s del sistema C4, seg\u00fan inform\u00f3 la directora, Isabel Mac\u00edas Sifuentes.<\/p>\n\n\n\n<p>Al llegar al lugar de los hechos, los elementos se entrevistaron con un conductor de un cami\u00f3n que circulaba de Nazareno a Lerdo. El ch\u00f3fer relat\u00f3 que, al pasar por la Cuesta de la Fortuna, observ\u00f3 que el cerro ya se hab\u00eda desgajado, y su cami\u00f3n qued\u00f3 detenido sobre las rocas.<\/p>\n\n\n\n<p>Se determin\u00f3 junto a las autoridades de la Secretar\u00eda de Infraestructura, Comunicaciones y Transportes (SICT) que, debido al riesgo de m\u00e1s deslizamientos, ser\u00eda necesario cerrar el carril del lado del cerro hasta que llegara una retroexcavadora para retirar los escombros.<\/p>\n\n\n\n<p>La situaci\u00f3n permanece bajo monitoreo para evitar futuros incidentes en esta zona de la carretera federal.<\/p>\n","protected":false},"excerpt":{"rendered":"<p>Lerdo, 03 de octubre 2024.- La Coordinaci\u00f3n de Protecci\u00f3n Civil y Bomberos de Lerdo respondi\u00f3 ante el llamado de emergencia en la carretera Lerdo-Nazareno, luego de que se originara un deslave en el tramo conocido como la Cuesta de la Fortuna. El incidente fue reportado alrededor de las cuatro de la ma\u00f1ana a trav\u00e9s del [&hellip;]<\/p>\n","protected":false},"author":1,"featured_media":10536,"comment_status":"open","ping_status":"open","sticky":false,"template":"","format":"standard","meta":{"_monsterinsights_skip_tracking":false,"_monsterinsights_sitenote_active":false,"_monsterinsights_sitenote_note":"","_monsterinsights_sitenote_category":0,"footnotes":""},"categories":[1],"tags":[],"_links":{"self":[{"href":"https:\/\/zonalimitrofe-cbnr.com\/index.php\/wp-json\/wp\/v2\/posts\/10535"}],"collection":[{"href":"https:\/\/zonalimitrofe-cbnr.com\/index.php\/wp-json\/wp\/v2\/posts"}],"about":[{"href":"https:\/\/zonalimitrofe-cbnr.com\/index.php\/wp-json\/wp\/v2\/types\/post"}],"author":[{"embeddable":true,"href":"https:\/\/zonalimitrofe-cbnr.com\/index.php\/wp-json\/wp\/v2\/users\/1"}],"replies":[{"embeddable":true,"href":"https:\/\/zonalimitrofe-cbnr.com\/index.php\/wp-json\/wp\/v2\/comments?post=10535"}],"version-history":[{"count":1,"href":"https:\/\/zonalimitrofe-cbnr.com\/index.php\/wp-json\/wp\/v2\/posts\/10535\/revisions"}],"predecessor-version":[{"id":10537,"href":"https:\/\/zonalimitrofe-cbnr.com\/index.php\/wp-json\/wp\/v2\/posts\/10535\/revisions\/10537"}],"wp:featuredmedia":[{"embeddable":true,"href":"https:\/\/zonalimitrofe-cbnr.com\/index.php\/wp-json\/wp\/v2\/media\/10536"}],"wp:attachment":[{"href":"https:\/\/zonalimitrofe-cbnr.com\/index.php\/wp-json\/wp\/v2\/media?parent=10535"}],"wp:term":[{"taxonomy":"category","embeddable":true,"href":"https:\/\/zonalimitrofe-cbnr.com\/index.php\/wp-json\/wp\/v2\/categories?post=10535"},{"taxonomy":"post_tag","embeddable":true,"href":"https:\/\/zonalimitrofe-cbnr.com\/index.php\/wp-json\/wp\/v2\/tags?post=10535"}],"curies":[{"name":"wp","href":"https:\/\/api.w.org\/{rel}","templated":true}]}}