{"id":10532,"date":"2024-10-03T17:03:04","date_gmt":"2024-10-03T23:03:04","guid":{"rendered":"https:\/\/zonalimitrofe-cbnr.com\/?p=10532"},"modified":"2024-10-03T17:03:05","modified_gmt":"2024-10-03T23:03:05","slug":"torreon-buscan-conmemorar-el-dia-de-los-industriales-en-torreon","status":"publish","type":"post","link":"https:\/\/zonalimitrofe-cbnr.com\/index.php\/2024\/10\/03\/torreon-buscan-conmemorar-el-dia-de-los-industriales-en-torreon\/","title":{"rendered":"#Torre\u00f3n. Buscan conmemorar el \u201cD\u00eda de los Industriales\u201d en Torre\u00f3n"},"content":{"rendered":"\n<p>Torre\u00f3n, Coahuila a 3 de octubre del 2024. En sesi\u00f3n conjunta de la comisi\u00f3n de Arte y Cultura, con la de Desarrollo Econ\u00f3mico, este jueves se aprob\u00f3 por unanimidad la propuesta presentada por el presidente de la C\u00e1mara Nacional de la Industria de la Transformaci\u00f3n (CANACINTRA) Torre\u00f3n, Alejandro Guti\u00e9rrez Guti\u00e9rrez, para que el 23 de agosto sea denominado en el municipio de Torre\u00f3n, como el \u201cD\u00eda de los Industriales\u201d.<br>Esta propuesta ser\u00e1 enviada a la pr\u00f3xima sesi\u00f3n de Cabildo para que sea presentada, analizada, discutida y en su caso aprobada.<br>Elba Leticia de Alba Galarza, presidenta de la comisi\u00f3n de Arte y Cultura, destac\u00f3 que es relevante poder brindar el reconocimiento al sector industrial, siendo que ha sido clave en el desarrollo no solo de la regi\u00f3n sino del pa\u00eds.<br>\u201cSe nos hizo un tema interesante ya que CANACIINTRA tiene importancia no solo a nivel nacional, sino en Latinoam\u00e9rica, y aqu\u00ed contamos con la representaci\u00f3n de esta c\u00e1mara en Torre\u00f3n. Es un gremio industrial que suma y fortifica a la regi\u00f3n y genera empleo para la ciudadan\u00eda\u201d, resalt\u00f3.<\/p>\n","protected":false},"excerpt":{"rendered":"<p>Torre\u00f3n, Coahuila a 3 de octubre del 2024. En sesi\u00f3n conjunta de la comisi\u00f3n de Arte y Cultura, con la de Desarrollo Econ\u00f3mico, este jueves se aprob\u00f3 por unanimidad la propuesta presentada por el presidente de la C\u00e1mara Nacional de la Industria de la Transformaci\u00f3n (CANACINTRA) Torre\u00f3n, Alejandro Guti\u00e9rrez Guti\u00e9rrez, para que el 23 de [&hellip;]<\/p>\n","protected":false},"author":1,"featured_media":10533,"comment_status":"open","ping_status":"open","sticky":false,"template":"","format":"standard","meta":{"_monsterinsights_skip_tracking":false,"_monsterinsights_sitenote_active":false,"_monsterinsights_sitenote_note":"","_monsterinsights_sitenote_category":0,"footnotes":""},"categories":[1],"tags":[],"_links":{"self":[{"href":"https:\/\/zonalimitrofe-cbnr.com\/index.php\/wp-json\/wp\/v2\/posts\/10532"}],"collection":[{"href":"https:\/\/zonalimitrofe-cbnr.com\/index.php\/wp-json\/wp\/v2\/posts"}],"about":[{"href":"https:\/\/zonalimitrofe-cbnr.com\/index.php\/wp-json\/wp\/v2\/types\/post"}],"author":[{"embeddable":true,"href":"https:\/\/zonalimitrofe-cbnr.com\/index.php\/wp-json\/wp\/v2\/users\/1"}],"replies":[{"embeddable":true,"href":"https:\/\/zonalimitrofe-cbnr.com\/index.php\/wp-json\/wp\/v2\/comments?post=10532"}],"version-history":[{"count":1,"href":"https:\/\/zonalimitrofe-cbnr.com\/index.php\/wp-json\/wp\/v2\/posts\/10532\/revisions"}],"predecessor-version":[{"id":10534,"href":"https:\/\/zonalimitrofe-cbnr.com\/index.php\/wp-json\/wp\/v2\/posts\/10532\/revisions\/10534"}],"wp:featuredmedia":[{"embeddable":true,"href":"https:\/\/zonalimitrofe-cbnr.com\/index.php\/wp-json\/wp\/v2\/media\/10533"}],"wp:attachment":[{"href":"https:\/\/zonalimitrofe-cbnr.com\/index.php\/wp-json\/wp\/v2\/media?parent=10532"}],"wp:term":[{"taxonomy":"category","embeddable":true,"href":"https:\/\/zonalimitrofe-cbnr.com\/index.php\/wp-json\/wp\/v2\/categories?post=10532"},{"taxonomy":"post_tag","embeddable":true,"href":"https:\/\/zonalimitrofe-cbnr.com\/index.php\/wp-json\/wp\/v2\/tags?post=10532"}],"curies":[{"name":"wp","href":"https:\/\/api.w.org\/{rel}","templated":true}]}}