{"id":10523,"date":"2024-10-03T16:43:43","date_gmt":"2024-10-03T22:43:43","guid":{"rendered":"https:\/\/zonalimitrofe-cbnr.com\/?p=10523"},"modified":"2024-10-03T16:43:43","modified_gmt":"2024-10-03T22:43:43","slug":"lerdo-invitan-a-cafe-cultural-en-lerdo-este-viernes","status":"publish","type":"post","link":"https:\/\/zonalimitrofe-cbnr.com\/index.php\/2024\/10\/03\/lerdo-invitan-a-cafe-cultural-en-lerdo-este-viernes\/","title":{"rendered":"#Lerdo. INVITAN A CAF\u00c9 CULTURAL EN LERDO, ESTE VIERNES*"},"content":{"rendered":"\n<p>Lerdo, 03 de octubre 2024.- El director de Arte y Cultura en el Municipio de Lerdo, H\u00e9ctor Escamilla \u00c1vila, hizo extensa la invitaci\u00f3n a toda la ciudadan\u00eda e interesados para asistir al pr\u00f3ximo \u2018Caf\u00e9 Cultural Casa Hinzte\u2019, que habr\u00e1 de desarrollarse este viernes 04 de octubre, en la Direcci\u00f3n de Arte y Cultura, donde se abordar\u00e1 el tema \u201cEl Graffiti como Expresi\u00f3n Art\u00edstica\u201d<\/p>\n\n\n\n<p>En este conversatorio se rescatar\u00e1n las haza\u00f1as y vivencias en el mundo del Hip Hop, tambi\u00e9n habr\u00e1 exposici\u00f3n de bocetos y exhibici\u00f3n en vivo de graffiti, a cargo del colectivo AM Crew.<\/p>\n\n\n\n<p>El funcionario extern\u00f3 que, atendiendo la instrucci\u00f3n del Presidente Municipal, el Dr. Homero Mart\u00ednez Cabrera, a trav\u00e9s de esta direcci\u00f3n se busca acercar a la ciudadan\u00eda las diferentes expresiones art\u00edsticas y culturales, as\u00ed como rescatar, preservar y difundir la historia, tradiciones y costumbres del municipio.<\/p>\n\n\n\n<p>La entrada es totalmente libre, este viernes a las 7 de la tarde, al interior de la Direcci\u00f3n Municipal de Arte y Cultura, que se encuentra sobre la calle Morelos, esquina con avenida Coronado, #113 poniente, en zona Centro, frente a la plazuela Ju\u00e1rez.<\/p>\n","protected":false},"excerpt":{"rendered":"<p>Lerdo, 03 de octubre 2024.- El director de Arte y Cultura en el Municipio de Lerdo, H\u00e9ctor Escamilla \u00c1vila, hizo extensa la invitaci\u00f3n a toda la ciudadan\u00eda e interesados para asistir al pr\u00f3ximo \u2018Caf\u00e9 Cultural Casa Hinzte\u2019, que habr\u00e1 de desarrollarse este viernes 04 de octubre, en la Direcci\u00f3n de Arte y Cultura, donde se [&hellip;]<\/p>\n","protected":false},"author":1,"featured_media":10524,"comment_status":"open","ping_status":"open","sticky":false,"template":"","format":"standard","meta":{"_monsterinsights_skip_tracking":false,"_monsterinsights_sitenote_active":false,"_monsterinsights_sitenote_note":"","_monsterinsights_sitenote_category":0,"footnotes":""},"categories":[1],"tags":[],"_links":{"self":[{"href":"https:\/\/zonalimitrofe-cbnr.com\/index.php\/wp-json\/wp\/v2\/posts\/10523"}],"collection":[{"href":"https:\/\/zonalimitrofe-cbnr.com\/index.php\/wp-json\/wp\/v2\/posts"}],"about":[{"href":"https:\/\/zonalimitrofe-cbnr.com\/index.php\/wp-json\/wp\/v2\/types\/post"}],"author":[{"embeddable":true,"href":"https:\/\/zonalimitrofe-cbnr.com\/index.php\/wp-json\/wp\/v2\/users\/1"}],"replies":[{"embeddable":true,"href":"https:\/\/zonalimitrofe-cbnr.com\/index.php\/wp-json\/wp\/v2\/comments?post=10523"}],"version-history":[{"count":1,"href":"https:\/\/zonalimitrofe-cbnr.com\/index.php\/wp-json\/wp\/v2\/posts\/10523\/revisions"}],"predecessor-version":[{"id":10525,"href":"https:\/\/zonalimitrofe-cbnr.com\/index.php\/wp-json\/wp\/v2\/posts\/10523\/revisions\/10525"}],"wp:featuredmedia":[{"embeddable":true,"href":"https:\/\/zonalimitrofe-cbnr.com\/index.php\/wp-json\/wp\/v2\/media\/10524"}],"wp:attachment":[{"href":"https:\/\/zonalimitrofe-cbnr.com\/index.php\/wp-json\/wp\/v2\/media?parent=10523"}],"wp:term":[{"taxonomy":"category","embeddable":true,"href":"https:\/\/zonalimitrofe-cbnr.com\/index.php\/wp-json\/wp\/v2\/categories?post=10523"},{"taxonomy":"post_tag","embeddable":true,"href":"https:\/\/zonalimitrofe-cbnr.com\/index.php\/wp-json\/wp\/v2\/tags?post=10523"}],"curies":[{"name":"wp","href":"https:\/\/api.w.org\/{rel}","templated":true}]}}