{"id":10504,"date":"2024-10-02T17:38:38","date_gmt":"2024-10-02T23:38:38","guid":{"rendered":"https:\/\/zonalimitrofe-cbnr.com\/?p=10504"},"modified":"2024-10-02T17:38:38","modified_gmt":"2024-10-02T23:38:38","slug":"durango-jovenes-creativos-promueven-la-transparencia-con-cortometrajes-gobierno-del-estado-los-premia","status":"publish","type":"post","link":"https:\/\/zonalimitrofe-cbnr.com\/index.php\/2024\/10\/02\/durango-jovenes-creativos-promueven-la-transparencia-con-cortometrajes-gobierno-del-estado-los-premia\/","title":{"rendered":"#Durango. J\u00f3venes creativos promueven la transparencia con cortometrajes; Gobierno del Estado los premia*"},"content":{"rendered":"\n<ul>\n<li><em>Participaron 36 filmes con el tema \u201cUso de las tecnolog\u00edas de la informaci\u00f3n y su impacto en la cultura de transparencia y rendici\u00f3n de cuentas\u201d.<\/em><\/li>\n<\/ul>\n\n\n\n<p>Como un reconocimiento a su creatividad y aportaciones para fortalecer la transparencia y rendici\u00f3n de cuentas, el Gobierno del Estado que titula Esteban Villegas premi\u00f3 a los ganadores del D\u00e9cimo Primero Concurso Estatal de Transparencia en Corto 2024, realizado a trav\u00e9s de la Secretar\u00eda de Contralor\u00eda del Estado (SECOED) en coordinaci\u00f3n con el Instituto de Cultura del Estado (ICED).<\/p>\n\n\n\n<p>\u201cEn el Gobierno de Esteban hay lugar para la gente, los mecanismos de participaci\u00f3n como los concursos que hoy celebramos se han convertido en una caja de resonancia a la que llegan las inquietudes, pero tambi\u00e9n las propuestas para mejorar el trabajo de las instituciones p\u00fablicas, para que vigilemos mejor el ejercicio del recurso y tengamos un control adecuado de los procesos\u201d, asever\u00f3 durante la ceremonia Tania Julieta Hern\u00e1ndez Maldonado, contralora estatal.<\/p>\n\n\n\n<p>Se recibieron 36 cortometrajes producidos por j\u00f3venes, trabajos de alta calidad por su contenido y su t\u00e9cnica. El tema de esta edici\u00f3n fue \u201cUso de las tecnolog\u00edas de la informaci\u00f3n y su impacto en la cultura de transparencia y rendici\u00f3n de cuentas\u201d, y se particip\u00f3 en dos categor\u00edas: la Primera para j\u00f3venes de 15 a 18 a\u00f1os y la Segunda de 19 a 25, con premios de 15, 10 y 5 mil pesos para los primeros tres lugares de cada una.<\/p>\n\n\n\n<p>Hern\u00e1ndez Maldonado reconoci\u00f3 que los participantes no son ciudadanos que se conforman con opinar o denunciar, buscan una soluci\u00f3n o mejora, \u201cde este modo fortalecemos la calidad en los servicios que brinda el Gobierno\u201d, subray\u00f3.<\/p>\n\n\n\n<p>\u201cEs un excelente ejercicio de transparencia, reconozco a la SECOED por incentivar la participaci\u00f3n de los j\u00f3venes, COBAED vamos contentos, llevamos tres lugares, los muchachos est\u00e1n motivados y van a despertar el inter\u00e9s de m\u00e1s j\u00f3venes, La Laguna gan\u00f3 muchos premios, mi reconocimiento al gobernador por impulsar estos concursos\u201d, expres\u00f3 Lorenzo Mart\u00ednez, director el Sistema COBAED.<\/p>\n\n\n\n<p>Jenifer Calzada R\u00edos, perteneciente al equipo que gan\u00f3 el Primer Lugar en la Categor\u00eda de 19 a 25 a\u00f1os por la UNIPOLI de G\u00f3mez Palacio: \u201cnos gusta mucho participar, es una experiencia muy padre desde trabajar todos juntos, desarrollar la historia, no nos esper\u00e1bamos que algo as\u00ed pasara (participar en el concurso nacional), estamos muy emocionados\u201d.<\/p>\n\n\n\n<p>Roberto Daniel de la Cruz Fuente, ganador del Primer Lugar en la Categor\u00eda de 15 a 18 a\u00f1os por el COBAED de Lerdo dijo: \u201cagradezco al profesor Gerardo por su apoyo, yo no sab\u00eda nada sobre animaci\u00f3n, pero el profesor dijo que yo pod\u00eda y me convenci\u00f3, mi corto habla de c\u00f3mo la tecnolog\u00eda, las p\u00e1ginas WEB, para no arriesgar a los ciudadanos y denunciar cualquier acto de corrupci\u00f3n, esta convocatoria me pareci\u00f3 muy buena, yo no sab\u00eda mucho sobre transparencia y me motiv\u00f3, gracias por el incentivo econ\u00f3mico\u201d.<\/p>\n\n\n\n<p>Por su parte, Daniela Elizabeth Castillo Ceniceros, alumna del COBAED de Lerdo, en nombre de su equipo ganador del Segundo Lugar en la Categor\u00eda de 15 a 18 a\u00f1os, coment\u00f3: \u201ces un buen incentivo para que todos participen, nos da la oportunidad de investigar sobre los temas, que el gobernador siga haciendo este tipo de concursos\u201d.<\/p>\n\n\n\n<p>Alma Emily Rodr\u00edguez Vargas, alumna del COBAED de Lerdo, ganadora del Tercer Lugar de la Categor\u00eda de 15 a 18 a\u00f1os coment\u00f3: \u201ces una motivaci\u00f3n para aprender y expresar ideas, ayuda mucho a los estudiantes\u201d.<\/p>\n\n\n\n<p>DATOS:<\/p>\n\n\n\n<p>XI CONCURSO TRANSPARENCIA EN CORTO 2024 ETAPA ESTATAL<\/p>\n\n\n\n<p>TEMA: USO DE LAS TECNOLOG\u00cdAS DE LA INFORMACI\u00d3N Y SU IMPACTO EN LA CULTURA DE LA TRANSPARENCIA Y LA RENDICI\u00d3N DE CUENTAS.<\/p>\n\n\n\n<p><em>Categor\u00eda 1 (15 a 18 a\u00f1os)<\/em><br>1er. Lugar<br>&#8220;Tecnolog\u00eda Anticorrupci\u00f3n&#8221;<br>Norberto Daniel de la Cruz Puente.<br>COBAED Lerdo.<\/p>\n\n\n\n<p><em>2do. Lugar<\/em><br>&#8220;Tecno Justicia&#8221;<br>Daniela Elizabeth Castillo Ceniceros<br>COBAED Lerdo.<\/p>\n\n\n\n<p><em>3er. Lugar<\/em><br>&#8220;Innovaci\u00f3n y Verdad&#8221;<br>Alma Emily Rodr\u00edguez Vargas<br>COBAED Lerdo.<\/p>\n\n\n\n<p><em>Con menci\u00f3n honor\u00edfica<\/em><br>&#8220;Sin Restricciones&#8221;<br>Heber Alberto Garc\u00eda Reyes<br>DIES8<\/p>\n\n\n\n<p><em>Categor\u00eda 2 (19 a 25 a\u00f1os)<\/em><\/p>\n\n\n\n<p><em>1er. Lugar<\/em><br>&#8220;El ojo del presupuesto&#8221;<br>Jenifer Calzada R\u00edos<br>UNIPOLI G\u00f3mez Palacio<\/p>\n\n\n\n<p><em>2do. Lugar<\/em><br>&#8220;Cyber Justicia&#8221;<br>Marisol Vega de los Reyes<br>UNIPOLI G\u00f3mez Palacio<\/p>\n\n\n\n<p><em>3er. Lugar<\/em><br>&#8220;La Villa Endeudada&#8221;<br>Taide Michelle L\u00f3pez Torres<br>UNIPOLI G\u00f3mez Palacio<\/p>\n\n\n\n<p><em>Con menci\u00f3n honor\u00edfica<\/em><br>&#8220;Olimpia&#8221;<br>Eduardo Galarza Chaidez<br>UJED<\/p>\n\n\n\n<p><em>Con menci\u00f3n honor\u00edfica<\/em><br>&#8220;Granos de arena&#8221;<br>Juan Iv\u00e1n Villalobos Fraire<br>UNIPOLI G\u00f3mez Palacio<\/p>\n","protected":false},"excerpt":{"rendered":"<p>Como un reconocimiento a su creatividad y aportaciones para fortalecer la transparencia y rendici\u00f3n de cuentas, el Gobierno del Estado que titula Esteban Villegas premi\u00f3 a los ganadores del D\u00e9cimo Primero Concurso Estatal de Transparencia en Corto 2024, realizado a trav\u00e9s de la Secretar\u00eda de Contralor\u00eda del Estado (SECOED) en coordinaci\u00f3n con el Instituto de [&hellip;]<\/p>\n","protected":false},"author":1,"featured_media":10505,"comment_status":"open","ping_status":"open","sticky":false,"template":"","format":"standard","meta":{"_monsterinsights_skip_tracking":false,"_monsterinsights_sitenote_active":false,"_monsterinsights_sitenote_note":"","_monsterinsights_sitenote_category":0,"footnotes":""},"categories":[1],"tags":[],"_links":{"self":[{"href":"https:\/\/zonalimitrofe-cbnr.com\/index.php\/wp-json\/wp\/v2\/posts\/10504"}],"collection":[{"href":"https:\/\/zonalimitrofe-cbnr.com\/index.php\/wp-json\/wp\/v2\/posts"}],"about":[{"href":"https:\/\/zonalimitrofe-cbnr.com\/index.php\/wp-json\/wp\/v2\/types\/post"}],"author":[{"embeddable":true,"href":"https:\/\/zonalimitrofe-cbnr.com\/index.php\/wp-json\/wp\/v2\/users\/1"}],"replies":[{"embeddable":true,"href":"https:\/\/zonalimitrofe-cbnr.com\/index.php\/wp-json\/wp\/v2\/comments?post=10504"}],"version-history":[{"count":1,"href":"https:\/\/zonalimitrofe-cbnr.com\/index.php\/wp-json\/wp\/v2\/posts\/10504\/revisions"}],"predecessor-version":[{"id":10506,"href":"https:\/\/zonalimitrofe-cbnr.com\/index.php\/wp-json\/wp\/v2\/posts\/10504\/revisions\/10506"}],"wp:featuredmedia":[{"embeddable":true,"href":"https:\/\/zonalimitrofe-cbnr.com\/index.php\/wp-json\/wp\/v2\/media\/10505"}],"wp:attachment":[{"href":"https:\/\/zonalimitrofe-cbnr.com\/index.php\/wp-json\/wp\/v2\/media?parent=10504"}],"wp:term":[{"taxonomy":"category","embeddable":true,"href":"https:\/\/zonalimitrofe-cbnr.com\/index.php\/wp-json\/wp\/v2\/categories?post=10504"},{"taxonomy":"post_tag","embeddable":true,"href":"https:\/\/zonalimitrofe-cbnr.com\/index.php\/wp-json\/wp\/v2\/tags?post=10504"}],"curies":[{"name":"wp","href":"https:\/\/api.w.org\/{rel}","templated":true}]}}