{"id":10488,"date":"2024-10-02T17:18:56","date_gmt":"2024-10-02T23:18:56","guid":{"rendered":"https:\/\/zonalimitrofe-cbnr.com\/?p=10488"},"modified":"2024-10-02T17:18:57","modified_gmt":"2024-10-02T23:18:57","slug":"uadec-en-la-unidad-laguna-capacitan-a-directivos-y-tutores-con-taller-hoy-por-mi","status":"publish","type":"post","link":"https:\/\/zonalimitrofe-cbnr.com\/index.php\/2024\/10\/02\/uadec-en-la-unidad-laguna-capacitan-a-directivos-y-tutores-con-taller-hoy-por-mi\/","title":{"rendered":"#UAdeC. En la Unidad Laguna Capacitan a Directivos y Tutores con Taller \u201cHoy por M\u00ed\u201d"},"content":{"rendered":"\n<p>TORRE\u00d3N, Coahuila. 2 de octubre de 2024. Este mi\u00e9rcoles en la Infoteca \u201cLe\u00f3n Felipe\u201d en la Unidad Laguna de la Universidad Aut\u00f3noma de Coahuila, a trav\u00e9s de la Subdirecci\u00f3n de Superaci\u00f3n Acad\u00e9mica de la Direcci\u00f3n de Asuntos Acad\u00e9micos y en coordinaci\u00f3n con el DIF Coahuila, se imparti\u00f3 el programa psicoeducativo para j\u00f3venes con conducta suicida o conductas autodestructivas: \u201cHOY POR MI\u201d.<\/p>\n\n\n\n<p>El titular de Superaci\u00f3n Acad\u00e9mica, Rabindranath Galv\u00e1n Gil, en su mensaje, dirigido a los directivos y tutores, se\u00f1al\u00f3 que, para el rector de la m\u00e1xima casa de estudios, Octavio Pimentel Mart\u00ednez, es primordial procurar la salud integral de toda la comunidad universitaria.<\/p>\n\n\n\n<p>Agradeci\u00f3, la presencia de las y los directores de las escuelas y facultades que conforman la Unidad Laguna, ya que dijo, es de suma importancia su participaci\u00f3n activa para mantener una l\u00ednea de trabajo que permita identificar y atender a aquellos j\u00f3venes que tengan alguna conducta suicida.<\/p>\n\n\n\n<p>Dijo desde un gesto suicida, comunicaci\u00f3n, pensamiento o alg\u00fan intento de suicidio previo y\/o conductas autodestructivas como adicciones o actividades de riesgo que est\u00e9n bajo tratamiento psicol\u00f3gico, la finalidad la finalidad de este programa, es la impartici\u00f3n de talleres, dirigidos a los tutores, dictados por los especialistas desarrolladores del programa en el DIF Coahuila.<\/p>\n\n\n\n<p>Lo anterior, se\u00f1ala como objetivos principales: Generar un espacio psicoeducativo en el cual se permita al joven trabajar su problem\u00e1tica actual relacionada con la conducta suicida, que esta capacitaci\u00f3n permita a los tutores contar con mejores herramientas de atenci\u00f3n para los estudiantes, adem\u00e1s de integrarse en la red de colaboraci\u00f3n y atenci\u00f3n a grupos de 8 hasta 20 j\u00f3venes de 12 a 24 a\u00f1os.<\/p>\n\n\n\n<p>Cabe se\u00f1alar que, la capacitaci\u00f3n fue tomada por m\u00e1s de 50 personas, entre coordinadores de tutor\u00edas y algunos miembros de los comit\u00e9s de tutor\u00edas de las escuelas, en un espacio de aprovechamiento de manera grupal, donde potencializaron los conocimientos afines al tema, as\u00ed como el desarrollo de las herramientas necesarias para el bienestar de la comunidad estudiantil.<\/p>\n","protected":false},"excerpt":{"rendered":"<p>TORRE\u00d3N, Coahuila. 2 de octubre de 2024. Este mi\u00e9rcoles en la Infoteca \u201cLe\u00f3n Felipe\u201d en la Unidad Laguna de la Universidad Aut\u00f3noma de Coahuila, a trav\u00e9s de la Subdirecci\u00f3n de Superaci\u00f3n Acad\u00e9mica de la Direcci\u00f3n de Asuntos Acad\u00e9micos y en coordinaci\u00f3n con el DIF Coahuila, se imparti\u00f3 el programa psicoeducativo para j\u00f3venes con conducta suicida [&hellip;]<\/p>\n","protected":false},"author":1,"featured_media":10489,"comment_status":"open","ping_status":"open","sticky":false,"template":"","format":"standard","meta":{"_monsterinsights_skip_tracking":false,"_monsterinsights_sitenote_active":false,"_monsterinsights_sitenote_note":"","_monsterinsights_sitenote_category":0,"footnotes":""},"categories":[1],"tags":[],"_links":{"self":[{"href":"https:\/\/zonalimitrofe-cbnr.com\/index.php\/wp-json\/wp\/v2\/posts\/10488"}],"collection":[{"href":"https:\/\/zonalimitrofe-cbnr.com\/index.php\/wp-json\/wp\/v2\/posts"}],"about":[{"href":"https:\/\/zonalimitrofe-cbnr.com\/index.php\/wp-json\/wp\/v2\/types\/post"}],"author":[{"embeddable":true,"href":"https:\/\/zonalimitrofe-cbnr.com\/index.php\/wp-json\/wp\/v2\/users\/1"}],"replies":[{"embeddable":true,"href":"https:\/\/zonalimitrofe-cbnr.com\/index.php\/wp-json\/wp\/v2\/comments?post=10488"}],"version-history":[{"count":1,"href":"https:\/\/zonalimitrofe-cbnr.com\/index.php\/wp-json\/wp\/v2\/posts\/10488\/revisions"}],"predecessor-version":[{"id":10490,"href":"https:\/\/zonalimitrofe-cbnr.com\/index.php\/wp-json\/wp\/v2\/posts\/10488\/revisions\/10490"}],"wp:featuredmedia":[{"embeddable":true,"href":"https:\/\/zonalimitrofe-cbnr.com\/index.php\/wp-json\/wp\/v2\/media\/10489"}],"wp:attachment":[{"href":"https:\/\/zonalimitrofe-cbnr.com\/index.php\/wp-json\/wp\/v2\/media?parent=10488"}],"wp:term":[{"taxonomy":"category","embeddable":true,"href":"https:\/\/zonalimitrofe-cbnr.com\/index.php\/wp-json\/wp\/v2\/categories?post=10488"},{"taxonomy":"post_tag","embeddable":true,"href":"https:\/\/zonalimitrofe-cbnr.com\/index.php\/wp-json\/wp\/v2\/tags?post=10488"}],"curies":[{"name":"wp","href":"https:\/\/api.w.org\/{rel}","templated":true}]}}