{"id":10457,"date":"2024-10-02T14:47:31","date_gmt":"2024-10-02T20:47:31","guid":{"rendered":"https:\/\/zonalimitrofe-cbnr.com\/?p=10457"},"modified":"2024-10-02T14:47:32","modified_gmt":"2024-10-02T20:47:32","slug":"lerdo-otorga-instituto-de-discapacidad-lerdo-apoyos-alimenticios","status":"publish","type":"post","link":"https:\/\/zonalimitrofe-cbnr.com\/index.php\/2024\/10\/02\/lerdo-otorga-instituto-de-discapacidad-lerdo-apoyos-alimenticios\/","title":{"rendered":"#Lerdo. OTORGA INSTITUTO DE DISCAPACIDAD LERDO APOYOS ALIMENTICIOS*"},"content":{"rendered":"\n<p>Lerdo, 02 de octubre 2024.- El Instituto Municipal para las Personas con Discapacidad llev\u00f3 a cabo la entrega de kits con suplemento alimenticio en las colonias Roberto Fierro, Francisco Villa Norte y Armando del Castillo. Esta iniciativa busca apoyar a quienes m\u00e1s lo necesitan en la comunidad lerdense.<\/p>\n\n\n\n<p>Con el objetivo de contribuir a una nutrici\u00f3n adecuada en las personas con dificultades para alimentarse de manera convencional, el Instituto brinda este tipo de apoyo con alimentaci\u00f3n enteral, proporcionando los nutrientes necesarios para quienes lo requieren, mejorando su salud general y calidad de vida. La entrega de estos kits representa un paso importante en la atenci\u00f3n a los m\u00e1s vulnerables.<\/p>\n\n\n\n<p>Estos apoyos forman parte del compromiso del Presidente Municipal Homero Mart\u00ednez Cabrera, as\u00ed lo dio a conocer la directora del Instituto para las Personas con Discapacidad en Lerdo, Karimme Caldera Cer\u00f3n, siendo este esfuerzo para construir una sociedad m\u00e1s inclusiva y solidaria, un pilar fundamental de su gesti\u00f3n.<\/p>\n\n\n\n<p>La funcionaria record\u00f3 que el Instituto se encuentra al interior de la Unidad Administrativa de San Isidro, en calle Ram\u00f3n Leyva, entre L\u00f3pez Ray\u00f3n y Galeana (Colonia San Isidro), y mantiene sus puertas abiertas de lunes a viernes, de 8:00 a 16:00 horas, atendiendo a quienes soliciten ayuda.<\/p>\n","protected":false},"excerpt":{"rendered":"<p>Lerdo, 02 de octubre 2024.- El Instituto Municipal para las Personas con Discapacidad llev\u00f3 a cabo la entrega de kits con suplemento alimenticio en las colonias Roberto Fierro, Francisco Villa Norte y Armando del Castillo. Esta iniciativa busca apoyar a quienes m\u00e1s lo necesitan en la comunidad lerdense. Con el objetivo de contribuir a una [&hellip;]<\/p>\n","protected":false},"author":1,"featured_media":10458,"comment_status":"open","ping_status":"open","sticky":false,"template":"","format":"standard","meta":{"_monsterinsights_skip_tracking":false,"_monsterinsights_sitenote_active":false,"_monsterinsights_sitenote_note":"","_monsterinsights_sitenote_category":0,"footnotes":""},"categories":[1],"tags":[],"_links":{"self":[{"href":"https:\/\/zonalimitrofe-cbnr.com\/index.php\/wp-json\/wp\/v2\/posts\/10457"}],"collection":[{"href":"https:\/\/zonalimitrofe-cbnr.com\/index.php\/wp-json\/wp\/v2\/posts"}],"about":[{"href":"https:\/\/zonalimitrofe-cbnr.com\/index.php\/wp-json\/wp\/v2\/types\/post"}],"author":[{"embeddable":true,"href":"https:\/\/zonalimitrofe-cbnr.com\/index.php\/wp-json\/wp\/v2\/users\/1"}],"replies":[{"embeddable":true,"href":"https:\/\/zonalimitrofe-cbnr.com\/index.php\/wp-json\/wp\/v2\/comments?post=10457"}],"version-history":[{"count":1,"href":"https:\/\/zonalimitrofe-cbnr.com\/index.php\/wp-json\/wp\/v2\/posts\/10457\/revisions"}],"predecessor-version":[{"id":10459,"href":"https:\/\/zonalimitrofe-cbnr.com\/index.php\/wp-json\/wp\/v2\/posts\/10457\/revisions\/10459"}],"wp:featuredmedia":[{"embeddable":true,"href":"https:\/\/zonalimitrofe-cbnr.com\/index.php\/wp-json\/wp\/v2\/media\/10458"}],"wp:attachment":[{"href":"https:\/\/zonalimitrofe-cbnr.com\/index.php\/wp-json\/wp\/v2\/media?parent=10457"}],"wp:term":[{"taxonomy":"category","embeddable":true,"href":"https:\/\/zonalimitrofe-cbnr.com\/index.php\/wp-json\/wp\/v2\/categories?post=10457"},{"taxonomy":"post_tag","embeddable":true,"href":"https:\/\/zonalimitrofe-cbnr.com\/index.php\/wp-json\/wp\/v2\/tags?post=10457"}],"curies":[{"name":"wp","href":"https:\/\/api.w.org\/{rel}","templated":true}]}}