{"id":10388,"date":"2024-09-29T16:33:13","date_gmt":"2024-09-29T22:33:13","guid":{"rendered":"https:\/\/zonalimitrofe-cbnr.com\/?p=10388"},"modified":"2024-09-29T16:33:13","modified_gmt":"2024-09-29T22:33:13","slug":"coahuila-libreria-carlos-monsivais-funciona-y-lo-seguira-haciendo-con-normalidad-sedu","status":"publish","type":"post","link":"https:\/\/zonalimitrofe-cbnr.com\/index.php\/2024\/09\/29\/coahuila-libreria-carlos-monsivais-funciona-y-lo-seguira-haciendo-con-normalidad-sedu\/","title":{"rendered":"#Coahuila. LIBRER\u00cdA CARLOS MONSIV\u00c1IS FUNCIONA Y LO SEGUIR\u00c1 HACIENDO CON NORMALIDAD: SEDU"},"content":{"rendered":"\n<p>Saltillo, Coahuila; 29 de septiembre de 2024.- El Gobierno de Coahuila, a trav\u00e9s de la Secretar\u00eda de Educaci\u00f3n, dio a conocer que, respecto a las especulaciones sobre el cierre de la librer\u00eda Carlos Monsiv\u00e1is en Saltillo, este centro cultural sigue funcionando como hasta ahora, y lo seguir\u00e1 haciendo.<\/p>\n\n\n\n<p>El Secretario de Educaci\u00f3n, Emanuel Garza Fishburn, se\u00f1al\u00f3 que el contrato de arrendamiento del inmueble ubicado en la esquina de las calles Ramos Arizpe y Cuauht\u00e9moc en el Centro Hist\u00f3rico de Saltillo, se encuentra vigente.<\/p>\n\n\n\n<p>&#8220;Por ning\u00fan motivo est\u00e1 previsto el cierre de la librer\u00eda, misma que, como ustedes saben, lleva m\u00e1s de una d\u00e9cada brindando sus servicios en favor de nuestra comunidad.<\/p>\n\n\n\n<p>La librer\u00eda sigue operando con normalidad en su actual sede y estamos en la constante y acostumbrada comunicaci\u00f3n con su propietario para atender de manera coordinada las necesidades de mantenimiento, as\u00ed como para seguir cumpliendo en tiempo y forma con nuestros compromisos como arrendatarios de tan valioso inmueble&#8221;, se\u00f1al\u00f3.<\/p>\n\n\n\n<p>Asimismo, se dio a conocer que dicho contrato ser\u00e1 renovado el pr\u00f3ximo a\u00f1o, y que el gobierno estatal est\u00e1 al tanto de los requerimientos b\u00e1sicos de mantenimiento del inmueble.<\/p>\n\n\n\n<p>&#8220;Aprovecho para enfatizar que, para el gobernador Manolo Jim\u00e9nez y para quienes formamos parte del Gobierno de Coahuila y de la Secretar\u00eda de Educaci\u00f3n, es de suma importancia que sigamos impulsando la lectura como una tarea compartida entre sociedad y gobierno y la Librer\u00eda Carlos Monsiv\u00e1is seguir\u00e1 siendo un basti\u00f3n de tan significativa tarea&#8221;, destac\u00f3 el Secretario de Educaci\u00f3n.<\/p>\n\n\n\n<p>Por su parte, Luis Alejandro Jaime, propietario del edificio, refrend\u00f3 su intenci\u00f3n de seguir manteniendo una colaboraci\u00f3n con el Gobierno Estatal.<\/p>\n\n\n\n<p>&#8220;Derivado de productivas conversaciones con los Secretarios de Educaci\u00f3n P\u00fablica, Emanuel Garza Fishburn, y de Finanzas, Antonio Guti\u00e9rrez, me place confirmar que la Librer\u00eda Carlos Monsiv\u00e1is seguir\u00e1 operando como de costumbre, y desde hace m\u00e1s de una d\u00e9cada, en el actual inmueble de las calles Ramos Arizpe y Cuauht\u00e9moc, en el Centro Hist\u00f3rico de Saltillo&#8221;, dijo.<\/p>\n\n\n\n<p>Agreg\u00f3 que, aunque el contrato de arrendamiento vence el d\u00eda \u00faltimo de diciembre de 2024, hay intenci\u00f3n por parte de las autoridades de seguir albergando a tan importante sitio cultural que es patrimonio de las y los coahuilenses.<\/p>\n\n\n\n<p>&#8220;As\u00edmismo, en 2025, como propietario, me comprometo a realizar importantes inversiones en materia de cableado el\u00e9ctrico e iluminaci\u00f3n interna y externa para beneficio de los visitantes e inquilinos de este valioso edificio. Agradezco la intervenci\u00f3n en\u00e9rgica del Dr. Garza Fishburn y el Lic. Guti\u00e9rrez para ayudar a preservar, mejorar y embellecer esta joya arquitect\u00f3nica frente a la Alameda Central, con un programa de pago y mantenimiento oportuno&#8221;, destac\u00f3.<\/p>\n","protected":false},"excerpt":{"rendered":"<p>Saltillo, Coahuila; 29 de septiembre de 2024.- El Gobierno de Coahuila, a trav\u00e9s de la Secretar\u00eda de Educaci\u00f3n, dio a conocer que, respecto a las especulaciones sobre el cierre de la librer\u00eda Carlos Monsiv\u00e1is en Saltillo, este centro cultural sigue funcionando como hasta ahora, y lo seguir\u00e1 haciendo. El Secretario de Educaci\u00f3n, Emanuel Garza Fishburn, [&hellip;]<\/p>\n","protected":false},"author":1,"featured_media":10389,"comment_status":"open","ping_status":"open","sticky":false,"template":"","format":"standard","meta":{"_monsterinsights_skip_tracking":false,"_monsterinsights_sitenote_active":false,"_monsterinsights_sitenote_note":"","_monsterinsights_sitenote_category":0,"footnotes":""},"categories":[1],"tags":[],"_links":{"self":[{"href":"https:\/\/zonalimitrofe-cbnr.com\/index.php\/wp-json\/wp\/v2\/posts\/10388"}],"collection":[{"href":"https:\/\/zonalimitrofe-cbnr.com\/index.php\/wp-json\/wp\/v2\/posts"}],"about":[{"href":"https:\/\/zonalimitrofe-cbnr.com\/index.php\/wp-json\/wp\/v2\/types\/post"}],"author":[{"embeddable":true,"href":"https:\/\/zonalimitrofe-cbnr.com\/index.php\/wp-json\/wp\/v2\/users\/1"}],"replies":[{"embeddable":true,"href":"https:\/\/zonalimitrofe-cbnr.com\/index.php\/wp-json\/wp\/v2\/comments?post=10388"}],"version-history":[{"count":1,"href":"https:\/\/zonalimitrofe-cbnr.com\/index.php\/wp-json\/wp\/v2\/posts\/10388\/revisions"}],"predecessor-version":[{"id":10390,"href":"https:\/\/zonalimitrofe-cbnr.com\/index.php\/wp-json\/wp\/v2\/posts\/10388\/revisions\/10390"}],"wp:featuredmedia":[{"embeddable":true,"href":"https:\/\/zonalimitrofe-cbnr.com\/index.php\/wp-json\/wp\/v2\/media\/10389"}],"wp:attachment":[{"href":"https:\/\/zonalimitrofe-cbnr.com\/index.php\/wp-json\/wp\/v2\/media?parent=10388"}],"wp:term":[{"taxonomy":"category","embeddable":true,"href":"https:\/\/zonalimitrofe-cbnr.com\/index.php\/wp-json\/wp\/v2\/categories?post=10388"},{"taxonomy":"post_tag","embeddable":true,"href":"https:\/\/zonalimitrofe-cbnr.com\/index.php\/wp-json\/wp\/v2\/tags?post=10388"}],"curies":[{"name":"wp","href":"https:\/\/api.w.org\/{rel}","templated":true}]}}