{"id":10377,"date":"2024-09-29T16:27:06","date_gmt":"2024-09-29T22:27:06","guid":{"rendered":"https:\/\/zonalimitrofe-cbnr.com\/?p=10377"},"modified":"2024-09-29T16:27:06","modified_gmt":"2024-09-29T22:27:06","slug":"gp-invita-ayuntamiento-de-gomez-palacio-a-la-gala-mexico-en-el-ballet","status":"publish","type":"post","link":"https:\/\/zonalimitrofe-cbnr.com\/index.php\/2024\/09\/29\/gp-invita-ayuntamiento-de-gomez-palacio-a-la-gala-mexico-en-el-ballet\/","title":{"rendered":"#GP. Invita Ayuntamiento de G\u00f3mez Palacio a la gala \u201cM\u00e9xico en el Ballet\u201d"},"content":{"rendered":"\n<p>+Disfruta de baile y m\u00fasica popular mexicana este lunes en el teatro Alberto M. Alvarado<\/p>\n\n\n\n<p>El Ayuntamiento de G\u00f3mez Palacio, a trav\u00e9s de la Direcci\u00f3n de Arte y Cultura, invita a la ciudadan\u00eda a la gala \u201cM\u00e9xico en el Ballet\u201d, un evento con el que culminan las fiestas patrias celebradas durante este mes de septiembre.<\/p>\n\n\n\n<p>Melissa Reuter P\u00e9rez, directora de Arte y Cultura, inform\u00f3 que la gala se llevar\u00e1 a cabo este lunes 30 de septiembre a las 5 de la tarde en el teatro Alberto M. Alvarado, con un costo de recuperaci\u00f3n de 50 pesos.<\/p>\n\n\n\n<p>En la gala se presentar\u00e1n diversos n\u00fameros art\u00edsticos a cargo de alumnos y maestros de la academia de baile \u201cGiselle\u201d, acompa\u00f1ados de m\u00fasica tradicional mexicana.<\/p>\n\n\n\n<p>\u201cLa Presidenta Municipal, Leticia Herrera Ale, ha impulsado, desde el inicio de su administraci\u00f3n, la realizaci\u00f3n de eventos que promuevan el arte y la cultura en sus diversas formas, buscando ofrecer a la ciudadan\u00eda opciones de expresi\u00f3n y entretenimiento\u201d, coment\u00f3 Reuter P\u00e9rez.<\/p>\n\n\n\n<p>Finalmente, la funcionaria destac\u00f3 que este evento cierra el programa de actividades conmemorativas de la Independencia de M\u00e9xico organizadas por el Ayuntamiento. Invit\u00f3 a todos los ciudadanos a asistir y disfrutar de esta celebraci\u00f3n cultural.<\/p>\n","protected":false},"excerpt":{"rendered":"<p>+Disfruta de baile y m\u00fasica popular mexicana este lunes en el teatro Alberto M. Alvarado El Ayuntamiento de G\u00f3mez Palacio, a trav\u00e9s de la Direcci\u00f3n de Arte y Cultura, invita a la ciudadan\u00eda a la gala \u201cM\u00e9xico en el Ballet\u201d, un evento con el que culminan las fiestas patrias celebradas durante este mes de septiembre. [&hellip;]<\/p>\n","protected":false},"author":1,"featured_media":10378,"comment_status":"open","ping_status":"open","sticky":false,"template":"","format":"standard","meta":{"_monsterinsights_skip_tracking":false,"_monsterinsights_sitenote_active":false,"_monsterinsights_sitenote_note":"","_monsterinsights_sitenote_category":0,"footnotes":""},"categories":[1],"tags":[],"_links":{"self":[{"href":"https:\/\/zonalimitrofe-cbnr.com\/index.php\/wp-json\/wp\/v2\/posts\/10377"}],"collection":[{"href":"https:\/\/zonalimitrofe-cbnr.com\/index.php\/wp-json\/wp\/v2\/posts"}],"about":[{"href":"https:\/\/zonalimitrofe-cbnr.com\/index.php\/wp-json\/wp\/v2\/types\/post"}],"author":[{"embeddable":true,"href":"https:\/\/zonalimitrofe-cbnr.com\/index.php\/wp-json\/wp\/v2\/users\/1"}],"replies":[{"embeddable":true,"href":"https:\/\/zonalimitrofe-cbnr.com\/index.php\/wp-json\/wp\/v2\/comments?post=10377"}],"version-history":[{"count":1,"href":"https:\/\/zonalimitrofe-cbnr.com\/index.php\/wp-json\/wp\/v2\/posts\/10377\/revisions"}],"predecessor-version":[{"id":10379,"href":"https:\/\/zonalimitrofe-cbnr.com\/index.php\/wp-json\/wp\/v2\/posts\/10377\/revisions\/10379"}],"wp:featuredmedia":[{"embeddable":true,"href":"https:\/\/zonalimitrofe-cbnr.com\/index.php\/wp-json\/wp\/v2\/media\/10378"}],"wp:attachment":[{"href":"https:\/\/zonalimitrofe-cbnr.com\/index.php\/wp-json\/wp\/v2\/media?parent=10377"}],"wp:term":[{"taxonomy":"category","embeddable":true,"href":"https:\/\/zonalimitrofe-cbnr.com\/index.php\/wp-json\/wp\/v2\/categories?post=10377"},{"taxonomy":"post_tag","embeddable":true,"href":"https:\/\/zonalimitrofe-cbnr.com\/index.php\/wp-json\/wp\/v2\/tags?post=10377"}],"curies":[{"name":"wp","href":"https:\/\/api.w.org\/{rel}","templated":true}]}}