{"id":10365,"date":"2024-09-29T16:19:04","date_gmt":"2024-09-29T22:19:04","guid":{"rendered":"https:\/\/zonalimitrofe-cbnr.com\/?p=10365"},"modified":"2024-09-29T16:19:05","modified_gmt":"2024-09-29T22:19:05","slug":"lerdo-encabeza-hmc-acto-civico-por-111-aniversario-de-la-conformacion-de-la-division-del-norte","status":"publish","type":"post","link":"https:\/\/zonalimitrofe-cbnr.com\/index.php\/2024\/09\/29\/lerdo-encabeza-hmc-acto-civico-por-111-aniversario-de-la-conformacion-de-la-division-del-norte\/","title":{"rendered":"#Lerdo. ENCABEZA HMC ACTO C\u00cdVICO POR 111 ANIVERSARIO DE LA CONFORMACI\u00d3N DE LA DIVISI\u00d3N DEL NORTE*"},"content":{"rendered":"\n<p>Lerdo, La Loma, 29 de septiembre 2024.- El Presidente Municipal de Lerdo, Homero Mart\u00ednez Cabrera, encabez\u00f3 este domingo un acto c\u00edvico en conmemoraci\u00f3n del 111 aniversario de la conformaci\u00f3n de la Divisi\u00f3n del Norte, hecho hist\u00f3rico que tuvo lugar en 1913 en la ex hacienda La Loma.<\/p>\n\n\n\n<p>Durante su discurso, Mart\u00ednez destac\u00f3 la importancia de Lerdo y La Laguna en la lucha revolucionaria encabezada por el General Francisco Villa, quien fue nombrado l\u00edder de la Divisi\u00f3n del Norte en esta misma fecha.<\/p>\n\n\n\n<p>Resalt\u00f3 que este evento simboliza el valor del pueblo en su b\u00fasqueda por la igualdad y la justicia a favor de la poblaci\u00f3n, derecho a la educaci\u00f3n, y una constituci\u00f3n pol\u00edtica que hoy en d\u00eda nos rige como mexicanos.<\/p>\n\n\n\n<p>El acto se llev\u00f3 a cabo en la explanada de la cancha p\u00fablica de Villa La Loma, d\u00f3nde se presentaron diversas expresiones art\u00edsticas y culturales, incluyendo actuaciones del preescolar Mar\u00eda de Jes\u00fas Porres, la escuela primaria 15 de Noviembre y la Misi\u00f3n Cultural Rural No. 23. Tambi\u00e9n participaron la escolta del 72 Batall\u00f3n de Infanter\u00eda, el Cecyted 47 y la Banda de Guerra de la Sec. No. 5.<\/p>\n\n\n\n<p>En su visita anunci\u00f3 buenas noticias para los habitantes de la Loma, pues dijo en pr\u00f3ximos d\u00edas se llevar\u00e1 a cabo la construcci\u00f3n de un domo p\u00fablico y una cancha de usos m\u00faltiples, as\u00ed como la construcci\u00f3n de la Presidencia de la Junta de Gobierno y un Centro Comunitario a cargo del DIF Municipal.<\/p>\n\n\n\n<p>El Alcalde estuvo acompa\u00f1ado por Tom\u00e1s Aguirre Barrientos, Presidente de La Villa de Le\u00f3n Guzm\u00e1n; Arturo Rodr\u00edguez, Comisariado Ejidal; y el historiador Alberto Ant\u00fanez, el Capitan de Infanter\u00eda del 72 Batall\u00f3n, Raul Garcia, as\u00ed como secretarios de gobierno, directores y regidores.<\/p>\n\n\n\n<p>Las celebraciones continuar\u00e1n con una rodada motorizada y la d\u00e9cima cabalgata villista, ambas encabezadas por el Alcalde, Homero Mart\u00ednez, reafirmando el compromiso de la comunidad con su historia y su legado.<\/p>\n","protected":false},"excerpt":{"rendered":"<p>Lerdo, La Loma, 29 de septiembre 2024.- El Presidente Municipal de Lerdo, Homero Mart\u00ednez Cabrera, encabez\u00f3 este domingo un acto c\u00edvico en conmemoraci\u00f3n del 111 aniversario de la conformaci\u00f3n de la Divisi\u00f3n del Norte, hecho hist\u00f3rico que tuvo lugar en 1913 en la ex hacienda La Loma. Durante su discurso, Mart\u00ednez destac\u00f3 la importancia de [&hellip;]<\/p>\n","protected":false},"author":1,"featured_media":10366,"comment_status":"open","ping_status":"open","sticky":false,"template":"","format":"standard","meta":{"_monsterinsights_skip_tracking":false,"_monsterinsights_sitenote_active":false,"_monsterinsights_sitenote_note":"","_monsterinsights_sitenote_category":0,"footnotes":""},"categories":[1],"tags":[],"_links":{"self":[{"href":"https:\/\/zonalimitrofe-cbnr.com\/index.php\/wp-json\/wp\/v2\/posts\/10365"}],"collection":[{"href":"https:\/\/zonalimitrofe-cbnr.com\/index.php\/wp-json\/wp\/v2\/posts"}],"about":[{"href":"https:\/\/zonalimitrofe-cbnr.com\/index.php\/wp-json\/wp\/v2\/types\/post"}],"author":[{"embeddable":true,"href":"https:\/\/zonalimitrofe-cbnr.com\/index.php\/wp-json\/wp\/v2\/users\/1"}],"replies":[{"embeddable":true,"href":"https:\/\/zonalimitrofe-cbnr.com\/index.php\/wp-json\/wp\/v2\/comments?post=10365"}],"version-history":[{"count":1,"href":"https:\/\/zonalimitrofe-cbnr.com\/index.php\/wp-json\/wp\/v2\/posts\/10365\/revisions"}],"predecessor-version":[{"id":10367,"href":"https:\/\/zonalimitrofe-cbnr.com\/index.php\/wp-json\/wp\/v2\/posts\/10365\/revisions\/10367"}],"wp:featuredmedia":[{"embeddable":true,"href":"https:\/\/zonalimitrofe-cbnr.com\/index.php\/wp-json\/wp\/v2\/media\/10366"}],"wp:attachment":[{"href":"https:\/\/zonalimitrofe-cbnr.com\/index.php\/wp-json\/wp\/v2\/media?parent=10365"}],"wp:term":[{"taxonomy":"category","embeddable":true,"href":"https:\/\/zonalimitrofe-cbnr.com\/index.php\/wp-json\/wp\/v2\/categories?post=10365"},{"taxonomy":"post_tag","embeddable":true,"href":"https:\/\/zonalimitrofe-cbnr.com\/index.php\/wp-json\/wp\/v2\/tags?post=10365"}],"curies":[{"name":"wp","href":"https:\/\/api.w.org\/{rel}","templated":true}]}}