{"id":10362,"date":"2024-09-29T16:15:46","date_gmt":"2024-09-29T22:15:46","guid":{"rendered":"https:\/\/zonalimitrofe-cbnr.com\/?p=10362"},"modified":"2024-09-29T16:15:47","modified_gmt":"2024-09-29T22:15:47","slug":"gp-cursos-gratuitos-disponibles-en-el-centro-comunitario-el-vergel-en-gomez-palacio","status":"publish","type":"post","link":"https:\/\/zonalimitrofe-cbnr.com\/index.php\/2024\/09\/29\/gp-cursos-gratuitos-disponibles-en-el-centro-comunitario-el-vergel-en-gomez-palacio\/","title":{"rendered":"#GP. Cursos gratuitos disponibles en el Centro Comunitario \u201cEl Vergel\u201d en G\u00f3mez Palacio*"},"content":{"rendered":"\n<p>El Ayuntamiento de G\u00f3mez Palacio, a trav\u00e9s del Sistema para el Desarrollo Integral de la Familia (DIF), fomenta la participaci\u00f3n activa de la comunidad ofreciendo cursos y talleres gratuitos de cocina, elaboraci\u00f3n de dulces regionales, bordado, tejido y bisuter\u00eda artesanal en el Centro Comunitario \u201cEl Vergel\u201d.<\/p>\n\n\n\n<p>Brenda Calder\u00f3n Carrete, directora del DIF Municipal, mencion\u00f3 que este centro, ubicado en el ejido del mismo nombre, proporciona un espacio inclusivo y accesible para que la poblaci\u00f3n desarrolle habilidades, experiencias y conocimientos.<\/p>\n\n\n\n<p>Para la Presidenta Municipal Leticia Herrera Ale, es esencial promover espacios como este centro comunitario, que generan un impacto positivo en la sociedad; adem\u00e1s de mejorar la autoestima y la psicomotricidad de los asistentes.<\/p>\n\n\n\n<p>Calder\u00f3n Carrete explic\u00f3 que quienes realizan trabajos manuales mejoran su concentraci\u00f3n, memoria, autoestima y movilidad, adem\u00e1s de reducir el riesgo de depresi\u00f3n y fomentar una vida m\u00e1s independiente en casa; todo esto contribuye tambi\u00e9n a la econom\u00eda familiar, entre otros beneficios.<\/p>\n\n\n\n<p>La invitaci\u00f3n est\u00e1 abierta a todas las personas interesadas en participar en alguno de estos cursos, disponibles de lunes a viernes de 8:00 a 16:00 horas. Para m\u00e1s informaci\u00f3n, pueden contactar a los tel\u00e9fonos 8717 14 21 27 y 8717 14 92 82.<\/p>\n","protected":false},"excerpt":{"rendered":"<p>El Ayuntamiento de G\u00f3mez Palacio, a trav\u00e9s del Sistema para el Desarrollo Integral de la Familia (DIF), fomenta la participaci\u00f3n activa de la comunidad ofreciendo cursos y talleres gratuitos de cocina, elaboraci\u00f3n de dulces regionales, bordado, tejido y bisuter\u00eda artesanal en el Centro Comunitario \u201cEl Vergel\u201d. Brenda Calder\u00f3n Carrete, directora del DIF Municipal, mencion\u00f3 que [&hellip;]<\/p>\n","protected":false},"author":1,"featured_media":10363,"comment_status":"open","ping_status":"open","sticky":false,"template":"","format":"standard","meta":{"_monsterinsights_skip_tracking":false,"_monsterinsights_sitenote_active":false,"_monsterinsights_sitenote_note":"","_monsterinsights_sitenote_category":0,"footnotes":""},"categories":[1],"tags":[],"_links":{"self":[{"href":"https:\/\/zonalimitrofe-cbnr.com\/index.php\/wp-json\/wp\/v2\/posts\/10362"}],"collection":[{"href":"https:\/\/zonalimitrofe-cbnr.com\/index.php\/wp-json\/wp\/v2\/posts"}],"about":[{"href":"https:\/\/zonalimitrofe-cbnr.com\/index.php\/wp-json\/wp\/v2\/types\/post"}],"author":[{"embeddable":true,"href":"https:\/\/zonalimitrofe-cbnr.com\/index.php\/wp-json\/wp\/v2\/users\/1"}],"replies":[{"embeddable":true,"href":"https:\/\/zonalimitrofe-cbnr.com\/index.php\/wp-json\/wp\/v2\/comments?post=10362"}],"version-history":[{"count":1,"href":"https:\/\/zonalimitrofe-cbnr.com\/index.php\/wp-json\/wp\/v2\/posts\/10362\/revisions"}],"predecessor-version":[{"id":10364,"href":"https:\/\/zonalimitrofe-cbnr.com\/index.php\/wp-json\/wp\/v2\/posts\/10362\/revisions\/10364"}],"wp:featuredmedia":[{"embeddable":true,"href":"https:\/\/zonalimitrofe-cbnr.com\/index.php\/wp-json\/wp\/v2\/media\/10363"}],"wp:attachment":[{"href":"https:\/\/zonalimitrofe-cbnr.com\/index.php\/wp-json\/wp\/v2\/media?parent=10362"}],"wp:term":[{"taxonomy":"category","embeddable":true,"href":"https:\/\/zonalimitrofe-cbnr.com\/index.php\/wp-json\/wp\/v2\/categories?post=10362"},{"taxonomy":"post_tag","embeddable":true,"href":"https:\/\/zonalimitrofe-cbnr.com\/index.php\/wp-json\/wp\/v2\/tags?post=10362"}],"curies":[{"name":"wp","href":"https:\/\/api.w.org\/{rel}","templated":true}]}}