{"id":10359,"date":"2024-09-29T16:13:30","date_gmt":"2024-09-29T22:13:30","guid":{"rendered":"https:\/\/zonalimitrofe-cbnr.com\/?p=10359"},"modified":"2024-09-29T16:13:30","modified_gmt":"2024-09-29T22:13:30","slug":"durango-elimina-rezago-educativo-en-adultos-para-mejorar-sus-oportunidades-laborales","status":"publish","type":"post","link":"https:\/\/zonalimitrofe-cbnr.com\/index.php\/2024\/09\/29\/durango-elimina-rezago-educativo-en-adultos-para-mejorar-sus-oportunidades-laborales\/","title":{"rendered":"#Durango elimina rezago educativo en adultos para mejorar sus oportunidades laborales*"},"content":{"rendered":"\n<ul>\n<li><em>Gobierno del Estado que encabeza Esteban Villegas celebra 25 a\u00f1os del IDEA.<\/em><\/li>\n\n\n\n<li><em>Directora nacional del INEA, Ixchel George Hern\u00e1ndez reconoci\u00f3 atenci\u00f3n y desempe\u00f1o que realiza la entidad para brindar atenci\u00f3n a adultos para que cumplan sus metas profesionales.<\/em><\/li>\n<\/ul>\n\n\n\n<p>\u201cEl Instituto Duranguense de Educaci\u00f3n para Adultos (IDEA), ha permitido que las personas mayores, accedan a mejores oportunidades laborales y una mejor calidad de vida\u201d, expres\u00f3 el secretario general de Gobierno, H\u00e9ctor Vela Valenzuela al conmemorar el 25 Aniversario de esta instituci\u00f3n en representaci\u00f3n del Gobernador Esteban Villegas Villarreal.<\/p>\n\n\n\n<p>El IDEA se cre\u00f3 con tres grandes objetivos: eliminar el rezago educativo, alfabetizar a los adultos y brindar el certificado de educaci\u00f3n b\u00e1sica a quienes no tuvieron la oportunidad de aprender a leer y escribir, o concluir la primaria o secundaria y en estos 25 a\u00f1os, el valor de la instituci\u00f3n es poder darles oportunidades de crecimiento, desarrollo y expectativas de vida, sea cual sea su condici\u00f3n socioecon\u00f3mica y edad, destac\u00f3 el Secretario.<\/p>\n\n\n\n<p>Al resaltar la labor y dedicaci\u00f3n del IDEA, la directora general del Instituto Nacional de Educaci\u00f3n para Adultos (INEA), Ixchel George Hern\u00e1ndez, reconoci\u00f3 que este instituto duranguense ha incrementado y mejorando su atenci\u00f3n y desempe\u00f1o; \u201clos felicito y quiero renovar nuestro compromiso, de seguir brind\u00e1ndoles un ambiente de trabajo donde puedan a la par, cumplir sus metas profesionales y contribuir al fortalecimiento de este gran pa\u00eds y estado; sigamos construyendo un futuro brillante para millones de personas a trav\u00e9s de la educaci\u00f3n\u201d, agreg\u00f3.<\/p>\n\n\n\n<p>En presencia del titular de la Secretar\u00eda de Educaci\u00f3n, Guillermo Adame Calder\u00f3n, el director del IDEA, Guillermo Arce Valencia, refrend\u00f3 el compromiso institucional con el Gobierno Estatal, Federal, organismos empresariales y sociedad civil, para juntos lograr el reto de que 23 mil personas mayores de 15 a\u00f1os concluyan su primaria, secundaria o aprendan a leer y escribir este a\u00f1o; \u201cvamos a tener \u00e9xito, llevamos un avance de m\u00e1s del 70 por ciento sobre la meta anual y estamos comprometidos en posicionar a Durango en los primeros lugares de este pa\u00eds,\u201da\u00f1adi\u00f3.<\/p>\n\n\n\n<p>\u201cEn el IDEA se puede seguir estudiando gratis y gracias al gobernador Esteban, estos programas ayudan a muchas personas\u201d, mencion\u00f3 Edwin Mel\u00e9ndez Unzueta, quien gracias a esta instituci\u00f3n pudo continuar con su formaci\u00f3n acad\u00e9mica y ahora, estudia satisfactoriamente en la preparatoria Diurna, despu\u00e9s de haberse dedicado junto con su abuelo a cortar le\u00f1a y parchar llantas.<\/p>\n\n\n\n<p>Durante esta celebraci\u00f3n en la que estuvieron presentes tambi\u00e9n, el presidente de la Junta de Gobierno y Coordinaci\u00f3n Pol\u00edtica (JUGOCOPO), H\u00e9ctor Herrera N\u00fa\u00f1ez y el secretario del Ayuntamiento, Bonifacio Herrera, fueron entregados diez certificados de primaria, 17 de secundaria y dos constancias de alfabetizaci\u00f3n; as\u00ed como reconocimientos a trabajadores del Instituto, con m\u00e1s de 25 a\u00f1os de servicio.<\/p>\n\n\n\n<p>Tambi\u00e9n, se le entreg\u00f3 a la empresa Aptiv Alambrados y Circuitos El\u00e9ctricos S de RL de CV, un reconocimiento por su compromiso con la educaci\u00f3n de sus trabajadores.<\/p>\n","protected":false},"excerpt":{"rendered":"<p>\u201cEl Instituto Duranguense de Educaci\u00f3n para Adultos (IDEA), ha permitido que las personas mayores, accedan a mejores oportunidades laborales y una mejor calidad de vida\u201d, expres\u00f3 el secretario general de Gobierno, H\u00e9ctor Vela Valenzuela al conmemorar el 25 Aniversario de esta instituci\u00f3n en representaci\u00f3n del Gobernador Esteban Villegas Villarreal. El IDEA se cre\u00f3 con tres [&hellip;]<\/p>\n","protected":false},"author":1,"featured_media":10360,"comment_status":"open","ping_status":"open","sticky":false,"template":"","format":"standard","meta":{"_monsterinsights_skip_tracking":false,"_monsterinsights_sitenote_active":false,"_monsterinsights_sitenote_note":"","_monsterinsights_sitenote_category":0,"footnotes":""},"categories":[1],"tags":[],"_links":{"self":[{"href":"https:\/\/zonalimitrofe-cbnr.com\/index.php\/wp-json\/wp\/v2\/posts\/10359"}],"collection":[{"href":"https:\/\/zonalimitrofe-cbnr.com\/index.php\/wp-json\/wp\/v2\/posts"}],"about":[{"href":"https:\/\/zonalimitrofe-cbnr.com\/index.php\/wp-json\/wp\/v2\/types\/post"}],"author":[{"embeddable":true,"href":"https:\/\/zonalimitrofe-cbnr.com\/index.php\/wp-json\/wp\/v2\/users\/1"}],"replies":[{"embeddable":true,"href":"https:\/\/zonalimitrofe-cbnr.com\/index.php\/wp-json\/wp\/v2\/comments?post=10359"}],"version-history":[{"count":1,"href":"https:\/\/zonalimitrofe-cbnr.com\/index.php\/wp-json\/wp\/v2\/posts\/10359\/revisions"}],"predecessor-version":[{"id":10361,"href":"https:\/\/zonalimitrofe-cbnr.com\/index.php\/wp-json\/wp\/v2\/posts\/10359\/revisions\/10361"}],"wp:featuredmedia":[{"embeddable":true,"href":"https:\/\/zonalimitrofe-cbnr.com\/index.php\/wp-json\/wp\/v2\/media\/10360"}],"wp:attachment":[{"href":"https:\/\/zonalimitrofe-cbnr.com\/index.php\/wp-json\/wp\/v2\/media?parent=10359"}],"wp:term":[{"taxonomy":"category","embeddable":true,"href":"https:\/\/zonalimitrofe-cbnr.com\/index.php\/wp-json\/wp\/v2\/categories?post=10359"},{"taxonomy":"post_tag","embeddable":true,"href":"https:\/\/zonalimitrofe-cbnr.com\/index.php\/wp-json\/wp\/v2\/tags?post=10359"}],"curies":[{"name":"wp","href":"https:\/\/api.w.org\/{rel}","templated":true}]}}