{"id":10353,"date":"2024-09-29T16:07:20","date_gmt":"2024-09-29T22:07:20","guid":{"rendered":"https:\/\/zonalimitrofe-cbnr.com\/?p=10353"},"modified":"2024-09-29T16:07:21","modified_gmt":"2024-09-29T22:07:21","slug":"congresocoahuila-refrenda-compromiso-con-colectivos-y-familias-de-personas-desaparecidas","status":"publish","type":"post","link":"https:\/\/zonalimitrofe-cbnr.com\/index.php\/2024\/09\/29\/congresocoahuila-refrenda-compromiso-con-colectivos-y-familias-de-personas-desaparecidas\/","title":{"rendered":"#CongresoCoahuila. Refrenda compromiso con colectivos y familias de personas desaparecidas"},"content":{"rendered":"\n<p>Saltillo, Coahuila, septiembre de 2024.- Conforme a las reuniones plenarias encabezadas por el gobernador de Coahuila, Manolo Jim\u00e9nez Salinas, diputadas y diputados locales del Congreso del Estado de Coahuila, acompa\u00f1ados del secretario de Gobierno del Estado, Oscar Pimentel Gonz\u00e1lez recibieron en el recinto legislativo a las y los integrantes de diferentes colectivos y grupos de familias de personas desaparecidas.<\/p>\n\n\n\n<p>La Comisi\u00f3n de Gobernaci\u00f3n Puntos Constitucionales y Justicia del Congreso, coordinada por la diputada Mar\u00eda Guadalupe Oyervides Valdez, junto a la presidenta de la Junta de Gobierno, diputada Luz Elena Guadalupe Morales N\u00fa\u00f1ez, as\u00ed como el total de los dem\u00e1s diputados integrantes de la Comisi\u00f3n: Jorge Arturo Vald\u00e9s Flores, Blanca Rub\u00ed Lamas Vel\u00e1zquez, Jos\u00e9 Alberto Hurtado Vera, Beatriz Eugenia Fraustro D\u00e1vila, Antonio Flores Guerra, Norma Garc\u00eda Mariscal, Olivia Mart\u00ednez Leyva y Sergio Zen\u00f3n Vel\u00e1zquez V\u00e1zquez recibieron a las y los asistentes a esta reuni\u00f3n que se da en un formato de parlamento abierto previo a la dictaminaci\u00f3n de diferentes reformas para beneficio de estos grupos.<\/p>\n\n\n\n<p>Si bien como parte del trabajo legislativo se ha tenido acercamiento con diferentes grupos en situaci\u00f3n de vulnerabilidad, entre ellos familiares de personas v\u00edctimas de desaparici\u00f3n, esta es la primera vez que se tiene una reuni\u00f3n de este tipo en el Congreso del Estado, con la presencia de del secretario de Gobierno.<\/p>\n\n\n\n<p>Tras la reuni\u00f3n de este s\u00e1bado, las diputadas y diputados locales refrendan su compromiso de seguir trabajando de la mano de la ciudadan\u00eda y buscando adecuar el marco jur\u00eddico que contribuya a fortalecer la actuaci\u00f3n de las instituciones en la atenci\u00f3n de estos temas.<\/p>\n\n\n\n<p>Cabe mencionar que en esta reuni\u00f3n de parlamento abierto se cont\u00f3 con la presencia de representantes de los colectivos: Alas de Esperanza; B\u00fascame, Buscando Desaparecidos M\u00e9xico; Caravana Internacional de B\u00fasqueda de Desaparecidos AC; Familias Unidas en la B\u00fasqueda y Localizaci\u00f3n de Personas Desaparecidas; Fuerzas Unidas por Nuestros Desaparecidos en Coahuila y en M\u00e9xico; Rastreador@s Nacionales de Personas Desaparecidas; Voz que Clama Justicia por Personas Desaparecidas y Grupo V.I.D.A.<\/p>\n","protected":false},"excerpt":{"rendered":"<p>Saltillo, Coahuila, septiembre de 2024.- Conforme a las reuniones plenarias encabezadas por el gobernador de Coahuila, Manolo Jim\u00e9nez Salinas, diputadas y diputados locales del Congreso del Estado de Coahuila, acompa\u00f1ados del secretario de Gobierno del Estado, Oscar Pimentel Gonz\u00e1lez recibieron en el recinto legislativo a las y los integrantes de diferentes colectivos y grupos de [&hellip;]<\/p>\n","protected":false},"author":1,"featured_media":10354,"comment_status":"open","ping_status":"open","sticky":false,"template":"","format":"standard","meta":{"_monsterinsights_skip_tracking":false,"_monsterinsights_sitenote_active":false,"_monsterinsights_sitenote_note":"","_monsterinsights_sitenote_category":0,"footnotes":""},"categories":[1],"tags":[],"_links":{"self":[{"href":"https:\/\/zonalimitrofe-cbnr.com\/index.php\/wp-json\/wp\/v2\/posts\/10353"}],"collection":[{"href":"https:\/\/zonalimitrofe-cbnr.com\/index.php\/wp-json\/wp\/v2\/posts"}],"about":[{"href":"https:\/\/zonalimitrofe-cbnr.com\/index.php\/wp-json\/wp\/v2\/types\/post"}],"author":[{"embeddable":true,"href":"https:\/\/zonalimitrofe-cbnr.com\/index.php\/wp-json\/wp\/v2\/users\/1"}],"replies":[{"embeddable":true,"href":"https:\/\/zonalimitrofe-cbnr.com\/index.php\/wp-json\/wp\/v2\/comments?post=10353"}],"version-history":[{"count":1,"href":"https:\/\/zonalimitrofe-cbnr.com\/index.php\/wp-json\/wp\/v2\/posts\/10353\/revisions"}],"predecessor-version":[{"id":10355,"href":"https:\/\/zonalimitrofe-cbnr.com\/index.php\/wp-json\/wp\/v2\/posts\/10353\/revisions\/10355"}],"wp:featuredmedia":[{"embeddable":true,"href":"https:\/\/zonalimitrofe-cbnr.com\/index.php\/wp-json\/wp\/v2\/media\/10354"}],"wp:attachment":[{"href":"https:\/\/zonalimitrofe-cbnr.com\/index.php\/wp-json\/wp\/v2\/media?parent=10353"}],"wp:term":[{"taxonomy":"category","embeddable":true,"href":"https:\/\/zonalimitrofe-cbnr.com\/index.php\/wp-json\/wp\/v2\/categories?post=10353"},{"taxonomy":"post_tag","embeddable":true,"href":"https:\/\/zonalimitrofe-cbnr.com\/index.php\/wp-json\/wp\/v2\/tags?post=10353"}],"curies":[{"name":"wp","href":"https:\/\/api.w.org\/{rel}","templated":true}]}}