{"id":10346,"date":"2024-09-28T14:23:06","date_gmt":"2024-09-28T20:23:06","guid":{"rendered":"https:\/\/zonalimitrofe-cbnr.com\/?p=10346"},"modified":"2024-09-28T14:23:07","modified_gmt":"2024-09-28T20:23:07","slug":"torreon-dif-torreon-promueve-la-salud-mental-a-traves-de-la-conferencia-te-queremos-con-vida","status":"publish","type":"post","link":"https:\/\/zonalimitrofe-cbnr.com\/index.php\/2024\/09\/28\/torreon-dif-torreon-promueve-la-salud-mental-a-traves-de-la-conferencia-te-queremos-con-vida\/","title":{"rendered":"#Torre\u00f3n. DIF Torre\u00f3n promueve la salud mental a trav\u00e9s de la conferencia &#8220;Te queremos con vida&#8221;"},"content":{"rendered":"\n<p><br>Torre\u00f3n, Coahuila. A 29 de septiembre de 2024<br>Con la participaci\u00f3n de m\u00e1s de 100 asistentes, el Sistema para el Desarrollo Integral de la Familia (DIF) Torre\u00f3n, llev\u00f3 a cabo esta semana la conferencia &#8220;Te queremos con vida&#8221;, una actividad centrada en la promoci\u00f3n del bienestar emocional y el manejo del duelo.<br>El evento se realiz\u00f3 en el sal\u00f3n de usos m\u00faltiples de Ciudad DIF, y estuvo dirigido a profesores, profesionistas y la ciudadan\u00eda general.<br>La se\u00f1ora Selina Bremer de Cepeda, presidenta honoraria del organismo, destac\u00f3 la importancia de este tipo de iniciativas que buscan mejorar la calidad de vida de los participantes, a trav\u00e9s de la reflexi\u00f3n y el cuidado de la salud mental.<br>&#8220;Nuestro objetivo es ofrecer herramientas que fortalezcan el bienestar emocional y enfrentar situaciones dif\u00edciles con recursos adecuados&#8221;, se\u00f1al\u00f3.<br>La conferencia fue impartida por la psic\u00f3loga y tanat\u00f3loga Nancy Chairez Samaniego, quien comparti\u00f3 sus conocimientos y experiencias en temas clave relacionados con la salud mental.<br>Por su parte, Marlene Mart\u00ednez Vald\u00e9s, directora general del DIF Torre\u00f3n, resalt\u00f3 la gran respuesta obtenida y la relevancia de continuar impulsando este tipo de actividades.<br>&#8220;Es muy gratificante ver a tantas personas interesadas en su salud mental y emocional. Desde el DIF Torre\u00f3n seguiremos trabajando para brindar espacios de reflexi\u00f3n y aprendizaje que beneficien a nuestra poblaci\u00f3n&#8221;, mencion\u00f3.<br>Dijo que con actividades como la conferencia, el DIF Torre\u00f3n, en conjunto con la Administraci\u00f3n Municipal, encabezada por el alcalde Rom\u00e1n Alberto Cepeda Gonz\u00e1lez, reafirma su compromiso con el bienestar integral de la ciudadan\u00eda, promoviendo espacios de reflexi\u00f3n y apoyo para el manejo de situaciones relacionadas con la salud mental.<\/p>\n","protected":false},"excerpt":{"rendered":"<p>Torre\u00f3n, Coahuila. A 29 de septiembre de 2024Con la participaci\u00f3n de m\u00e1s de 100 asistentes, el Sistema para el Desarrollo Integral de la Familia (DIF) Torre\u00f3n, llev\u00f3 a cabo esta semana la conferencia &#8220;Te queremos con vida&#8221;, una actividad centrada en la promoci\u00f3n del bienestar emocional y el manejo del duelo.El evento se realiz\u00f3 en [&hellip;]<\/p>\n","protected":false},"author":1,"featured_media":10347,"comment_status":"open","ping_status":"open","sticky":false,"template":"","format":"standard","meta":{"_monsterinsights_skip_tracking":false,"_monsterinsights_sitenote_active":false,"_monsterinsights_sitenote_note":"","_monsterinsights_sitenote_category":0,"footnotes":""},"categories":[1],"tags":[],"_links":{"self":[{"href":"https:\/\/zonalimitrofe-cbnr.com\/index.php\/wp-json\/wp\/v2\/posts\/10346"}],"collection":[{"href":"https:\/\/zonalimitrofe-cbnr.com\/index.php\/wp-json\/wp\/v2\/posts"}],"about":[{"href":"https:\/\/zonalimitrofe-cbnr.com\/index.php\/wp-json\/wp\/v2\/types\/post"}],"author":[{"embeddable":true,"href":"https:\/\/zonalimitrofe-cbnr.com\/index.php\/wp-json\/wp\/v2\/users\/1"}],"replies":[{"embeddable":true,"href":"https:\/\/zonalimitrofe-cbnr.com\/index.php\/wp-json\/wp\/v2\/comments?post=10346"}],"version-history":[{"count":1,"href":"https:\/\/zonalimitrofe-cbnr.com\/index.php\/wp-json\/wp\/v2\/posts\/10346\/revisions"}],"predecessor-version":[{"id":10348,"href":"https:\/\/zonalimitrofe-cbnr.com\/index.php\/wp-json\/wp\/v2\/posts\/10346\/revisions\/10348"}],"wp:featuredmedia":[{"embeddable":true,"href":"https:\/\/zonalimitrofe-cbnr.com\/index.php\/wp-json\/wp\/v2\/media\/10347"}],"wp:attachment":[{"href":"https:\/\/zonalimitrofe-cbnr.com\/index.php\/wp-json\/wp\/v2\/media?parent=10346"}],"wp:term":[{"taxonomy":"category","embeddable":true,"href":"https:\/\/zonalimitrofe-cbnr.com\/index.php\/wp-json\/wp\/v2\/categories?post=10346"},{"taxonomy":"post_tag","embeddable":true,"href":"https:\/\/zonalimitrofe-cbnr.com\/index.php\/wp-json\/wp\/v2\/tags?post=10346"}],"curies":[{"name":"wp","href":"https:\/\/api.w.org\/{rel}","templated":true}]}}