{"id":10337,"date":"2024-09-28T14:12:21","date_gmt":"2024-09-28T20:12:21","guid":{"rendered":"https:\/\/zonalimitrofe-cbnr.com\/?p=10337"},"modified":"2024-09-28T14:12:21","modified_gmt":"2024-09-28T20:12:21","slug":"gp-presidencia-municipal-de-gomez-palacio-estara-cerrada-este-lunes-30-y-01-de-octubre-por-transicion-del-poder-ejecutivo","status":"publish","type":"post","link":"https:\/\/zonalimitrofe-cbnr.com\/index.php\/2024\/09\/28\/gp-presidencia-municipal-de-gomez-palacio-estara-cerrada-este-lunes-30-y-01-de-octubre-por-transicion-del-poder-ejecutivo\/","title":{"rendered":"#GP. Presidencia Municipal de G\u00f3mez Palacio estar\u00e1 cerrada este lunes 30 y 01 de octubre por Transici\u00f3n del Poder Ejecutivo*"},"content":{"rendered":"\n<p>El Ayuntamiento de G\u00f3mez Palacio informa que este martes 01 de octubre, la Presidencia Municipal permanecer\u00e1 cerrada debido al d\u00eda de descanso oficial marcado por la ley con motivo de la transici\u00f3n del Poder Ejecutivo, adem\u00e1s se dio a conocer que por sucesi\u00f3n de d\u00edas inh\u00e1biles, tampoco se laborar\u00e1 el lunes 30 de septiembre.<\/p>\n\n\n\n<p>A partir de este a\u00f1o, la toma de protesta del Presidente de la Rep\u00fablica se realizar\u00e1 el 01 de octubre de cada seis a\u00f1os, en lugar del 01 de diciembre, como se hizo por muchos a\u00f1os.<\/p>\n\n\n\n<p>Se recuerda a los ciudadanos que tengan tr\u00e1mites pendientes en alguna dependencia municipal que debido a esta modificaci\u00f3n, deber\u00e1n postergar sus gestiones hasta el mi\u00e9rcoles 02 de octubre, cuando se reanudar\u00e1n las actividades en horario habitual de 08:00 a 16:00 horas.<\/p>\n\n\n\n<p>Aunque la Presidencia Municipal estar\u00e1 cerrada, es importante mencionar que las \u00e1reas cr\u00edticas, como la Direcci\u00f3n de Protecci\u00f3n Civil, Seguridad P\u00fablica, Tr\u00e1nsito y Vialidad, operar\u00e1n de manera normal para atender cualquier eventualidad que pueda surgir durante este d\u00eda festivo.<\/p>\n\n\n\n<p>Santiago Rodr\u00edguez Ch\u00e1vez, titular de la Direcci\u00f3n de Protecci\u00f3n Civil y Bomberos, asegura que, junto con las direcciones de Seguridad P\u00fablica y Tr\u00e1nsito y Vialidad, se intensificar\u00e1n los rondines de vigilancia en zonas de alta concentraci\u00f3n p\u00fablica, garantizando as\u00ed la seguridad de los ciudadanos durante la transici\u00f3n gubernamental.<\/p>\n","protected":false},"excerpt":{"rendered":"<p>El Ayuntamiento de G\u00f3mez Palacio informa que este martes 01 de octubre, la Presidencia Municipal permanecer\u00e1 cerrada debido al d\u00eda de descanso oficial marcado por la ley con motivo de la transici\u00f3n del Poder Ejecutivo, adem\u00e1s se dio a conocer que por sucesi\u00f3n de d\u00edas inh\u00e1biles, tampoco se laborar\u00e1 el lunes 30 de septiembre. A [&hellip;]<\/p>\n","protected":false},"author":1,"featured_media":10338,"comment_status":"open","ping_status":"open","sticky":false,"template":"","format":"standard","meta":{"_monsterinsights_skip_tracking":false,"_monsterinsights_sitenote_active":false,"_monsterinsights_sitenote_note":"","_monsterinsights_sitenote_category":0,"footnotes":""},"categories":[1],"tags":[],"_links":{"self":[{"href":"https:\/\/zonalimitrofe-cbnr.com\/index.php\/wp-json\/wp\/v2\/posts\/10337"}],"collection":[{"href":"https:\/\/zonalimitrofe-cbnr.com\/index.php\/wp-json\/wp\/v2\/posts"}],"about":[{"href":"https:\/\/zonalimitrofe-cbnr.com\/index.php\/wp-json\/wp\/v2\/types\/post"}],"author":[{"embeddable":true,"href":"https:\/\/zonalimitrofe-cbnr.com\/index.php\/wp-json\/wp\/v2\/users\/1"}],"replies":[{"embeddable":true,"href":"https:\/\/zonalimitrofe-cbnr.com\/index.php\/wp-json\/wp\/v2\/comments?post=10337"}],"version-history":[{"count":1,"href":"https:\/\/zonalimitrofe-cbnr.com\/index.php\/wp-json\/wp\/v2\/posts\/10337\/revisions"}],"predecessor-version":[{"id":10339,"href":"https:\/\/zonalimitrofe-cbnr.com\/index.php\/wp-json\/wp\/v2\/posts\/10337\/revisions\/10339"}],"wp:featuredmedia":[{"embeddable":true,"href":"https:\/\/zonalimitrofe-cbnr.com\/index.php\/wp-json\/wp\/v2\/media\/10338"}],"wp:attachment":[{"href":"https:\/\/zonalimitrofe-cbnr.com\/index.php\/wp-json\/wp\/v2\/media?parent=10337"}],"wp:term":[{"taxonomy":"category","embeddable":true,"href":"https:\/\/zonalimitrofe-cbnr.com\/index.php\/wp-json\/wp\/v2\/categories?post=10337"},{"taxonomy":"post_tag","embeddable":true,"href":"https:\/\/zonalimitrofe-cbnr.com\/index.php\/wp-json\/wp\/v2\/tags?post=10337"}],"curies":[{"name":"wp","href":"https:\/\/api.w.org\/{rel}","templated":true}]}}