{"id":10294,"date":"2024-09-27T16:09:03","date_gmt":"2024-09-27T22:09:03","guid":{"rendered":"https:\/\/zonalimitrofe-cbnr.com\/?p=10294"},"modified":"2024-09-27T16:09:03","modified_gmt":"2024-09-27T22:09:03","slug":"durango-con-esteban-la-voz-de-los-jovenes-duranguenses-se-escucha-ganadores-del-premio-estatal-de-la-juventud-2024","status":"publish","type":"post","link":"https:\/\/zonalimitrofe-cbnr.com\/index.php\/2024\/09\/27\/durango-con-esteban-la-voz-de-los-jovenes-duranguenses-se-escucha-ganadores-del-premio-estatal-de-la-juventud-2024\/","title":{"rendered":"#Durango. Con Esteban la voz de los j\u00f3venes duranguenses se escucha: ganadores del Premio Estatal de la Juventud 2024*"},"content":{"rendered":"\n<ul>\n<li><em>\u201cEventos como este nos alientan a seguir luchando por nuestros sue\u00f1os\u201d, coinciden participantes de la edici\u00f3n \u201cFanny Anit\u00faa\u201d.<\/em><\/li>\n<\/ul>\n\n\n\n<p>Con eventos como el Premio Estatal de la Juventud \u201cFanny Anit\u00faa\u201d 2024, que organiza el Gobierno de Esteban Villegas a trav\u00e9s del Instituto Duranguense de la Juventud (IDJ), la voz del sector juvenil se escucha y nos alienta a seguir luchando por nuestros sue\u00f1os, coincidieron los galardonados de esta edici\u00f3n.<\/p>\n\n\n\n<p>Ruth Elizabeth Torres Pozo, ganadora de la categor\u00eda \u201cLogro Empresarial\u201d, dedic\u00f3 su premio a los j\u00f3venes emprendedores y mencion\u00f3 que es una gran satisfacci\u00f3n saber que sus proyectos son reconocidos y tomados en cuenta por el Gobierno de Esteban; \u201cDurango tiene mucho potencial y hay muchos emprendedores all\u00e1 afuera, yo los invito a que se acerquen al IDJ, porque aqu\u00ed hay un espacio para todos nosotros\u201d, agreg\u00f3.<\/p>\n\n\n\n<p>Yair Reyes Quiroz, de la categor\u00eda de \u201cComunicaci\u00f3n y Medios Digitales\u201d, dijo estar muy feliz, ya que es la segunda vez que se inscribe para participar en este premio y asegur\u00f3 que ahora fue un cambio muy notorio; \u201clos j\u00f3venes lo pudimos notar en este Premio Estatal de la Juventud, se nota una energ\u00eda diferente y lo vimos desde la atenci\u00f3n, al momento de estar enviando las solicitudes, el trato fue totalmente distinto, todos estamos muy contentos\u201d, a\u00f1adi\u00f3.<\/p>\n\n\n\n<p>Celeste Garc\u00eda Rodr\u00edguez, galardonada en \u201cDesarrollo Cient\u00edfico y Tecnol\u00f3gico\u201d, mencion\u00f3 que esta muy agradecida por el apoyo que ha recibido del Gobierno Estatal, y comparti\u00f3 que el est\u00edmulo econ\u00f3mico que recibi\u00f3, lo emplear\u00e1 en su preparaci\u00f3n como cient\u00edfica; \u201cla ciencia es un rubro muy importante para nuestro desarrollo como sociedad, y que nos den este tipo de apoyos a nosotros los j\u00f3venes, nos permiten seguir desarroll\u00e1ndonos y ampliando nuestros horizontes\u201d.<\/p>\n\n\n\n<p>Por su parte, Abel Arturo Valenzuela y Omar Dom\u00ednguez Espinoza de las categor\u00edas \u201cExpresi\u00f3n Cultural y Art\u00edstica\u201d y \u201cJ\u00f3venes del Campo\u201d, respectivamente, adem\u00e1s de reconocer el respaldo que han tenido por parte de Esteban Villegas, invitaron a todos los j\u00f3venes a que participen en este tipo de experiencias importantes para su formaci\u00f3n y desarrollo.<\/p>\n\n\n\n<p>Los participantes celebraron que sus proyectos y propuestas fueran revisados personalmente por el Gobernador, tal y como lo solicit\u00f3 en el evento, donde adem\u00e1s les reiter\u00f3 que este es el sexenio de los j\u00f3venes.<\/p>\n","protected":false},"excerpt":{"rendered":"<p>Con eventos como el Premio Estatal de la Juventud \u201cFanny Anit\u00faa\u201d 2024, que organiza el Gobierno de Esteban Villegas a trav\u00e9s del Instituto Duranguense de la Juventud (IDJ), la voz del sector juvenil se escucha y nos alienta a seguir luchando por nuestros sue\u00f1os, coincidieron los galardonados de esta edici\u00f3n. Ruth Elizabeth Torres Pozo, ganadora [&hellip;]<\/p>\n","protected":false},"author":1,"featured_media":10295,"comment_status":"open","ping_status":"open","sticky":false,"template":"","format":"standard","meta":{"_monsterinsights_skip_tracking":false,"_monsterinsights_sitenote_active":false,"_monsterinsights_sitenote_note":"","_monsterinsights_sitenote_category":0,"footnotes":""},"categories":[1],"tags":[],"_links":{"self":[{"href":"https:\/\/zonalimitrofe-cbnr.com\/index.php\/wp-json\/wp\/v2\/posts\/10294"}],"collection":[{"href":"https:\/\/zonalimitrofe-cbnr.com\/index.php\/wp-json\/wp\/v2\/posts"}],"about":[{"href":"https:\/\/zonalimitrofe-cbnr.com\/index.php\/wp-json\/wp\/v2\/types\/post"}],"author":[{"embeddable":true,"href":"https:\/\/zonalimitrofe-cbnr.com\/index.php\/wp-json\/wp\/v2\/users\/1"}],"replies":[{"embeddable":true,"href":"https:\/\/zonalimitrofe-cbnr.com\/index.php\/wp-json\/wp\/v2\/comments?post=10294"}],"version-history":[{"count":1,"href":"https:\/\/zonalimitrofe-cbnr.com\/index.php\/wp-json\/wp\/v2\/posts\/10294\/revisions"}],"predecessor-version":[{"id":10296,"href":"https:\/\/zonalimitrofe-cbnr.com\/index.php\/wp-json\/wp\/v2\/posts\/10294\/revisions\/10296"}],"wp:featuredmedia":[{"embeddable":true,"href":"https:\/\/zonalimitrofe-cbnr.com\/index.php\/wp-json\/wp\/v2\/media\/10295"}],"wp:attachment":[{"href":"https:\/\/zonalimitrofe-cbnr.com\/index.php\/wp-json\/wp\/v2\/media?parent=10294"}],"wp:term":[{"taxonomy":"category","embeddable":true,"href":"https:\/\/zonalimitrofe-cbnr.com\/index.php\/wp-json\/wp\/v2\/categories?post=10294"},{"taxonomy":"post_tag","embeddable":true,"href":"https:\/\/zonalimitrofe-cbnr.com\/index.php\/wp-json\/wp\/v2\/tags?post=10294"}],"curies":[{"name":"wp","href":"https:\/\/api.w.org\/{rel}","templated":true}]}}