{"id":10288,"date":"2024-09-27T16:04:16","date_gmt":"2024-09-27T22:04:16","guid":{"rendered":"https:\/\/zonalimitrofe-cbnr.com\/?p=10288"},"modified":"2024-09-27T16:04:17","modified_gmt":"2024-09-27T22:04:17","slug":"torreon-refuerzan-en-mesa-de-seguridad-acuerdos-entre-estado-y-municipio-para-garantizar-el-orden-la-paz-social-y-la-proteccion-de-la-ciudadania","status":"publish","type":"post","link":"https:\/\/zonalimitrofe-cbnr.com\/index.php\/2024\/09\/27\/torreon-refuerzan-en-mesa-de-seguridad-acuerdos-entre-estado-y-municipio-para-garantizar-el-orden-la-paz-social-y-la-proteccion-de-la-ciudadania\/","title":{"rendered":"#Torre\u00f3n. Refuerzan en mesa de seguridad acuerdos entre Estado y Municipio, para garantizar el orden, la paz social y la protecci\u00f3n de la ciudadan\u00eda\u00a0"},"content":{"rendered":"\n<p>Torre\u00f3n, Coahuila. A 27 de septiembre de 2024.<\/p>\n\n\n\n<p>Durante la trig\u00e9sima octava reuni\u00f3n semanal de seguridad, el alcalde Rom\u00e1n Alberto Cepeda Gonz\u00e1lez reforz\u00f3 los acuerdos tomados ayer jueves con el gobernador Manolo Jim\u00e9nez Salinas, para mantener el orden, la paz social y garantizar la protecci\u00f3n de la ciudadan\u00eda, y reiter\u00f3 la coordinaci\u00f3n con las dependencias de los tres \u00f3rdenes de Gobierno.<br>&nbsp;<br>Este viernes, participaron en la mesa de seguridad en Torre\u00f3n, el secretario de Seguridad P\u00fablica en el Estado, Federico Fern\u00e1ndez Monta\u00f1ez; el Fiscal de Coahuila, Gerardo M\u00e1rquez Guevara; y H\u00e9ctor Flores Rodr\u00edguez, subsecretario de operaci\u00f3n policial.<br>&nbsp;<br>El Presidente Municipal destac\u00f3 que la seguridad de Torre\u00f3n desde hace 10 a\u00f1os, es gracias a la coordinaci\u00f3n de esfuerzos de todos los \u00f3rdenes de Gobierno como son las corporaciones municipales, estatales, el Ej\u00e9rcito Mexicano, la Guardia Nacional, el Mando Especial, y en ese sentido dijo que debe prevalecer el respeto y el buen entendimiento para que Torre\u00f3n y Coahuila sigan siendo un referente nacional en esta materia.<br>&nbsp;<br>\u201cEn esta mesa en la que llevamos pr\u00e1cticamente ya dos a\u00f1os 10 meses, hemos revisado desde indicadores, hasta los temas m\u00e1s complejos que nos llevan a tomar acuerdos de manera coordinada y conjunta\u201d, reiter\u00f3.<\/p>\n\n\n\n<p>Rom\u00e1n Alberto Cepeda Gonz\u00e1lez dijo que se ratifica la coordinaci\u00f3n entre todos los \u00f3rdenes de Gobierno, y agreg\u00f3 que los operativos conjuntos seguir\u00e1n como fue el concierto de Luis Miguel que concluy\u00f3 con saldo blanco, y el que se lleva a cabo en la Feria de Torre\u00f3n, la cual est\u00e1 a unos d\u00edas de terminar y es necesario estar atentos a la seguridad de las familias que acuden.<br>&nbsp;<br>El secretario Federico Fern\u00e1ndez Monta\u00f1ez, garantiz\u00f3 al Alcalde en nombre del Gobernador, el apoyo de todas las fuerzas estatales para Torre\u00f3n, y asegur\u00f3 que continuar\u00e1 el trabajo conjunto toda vez que nunca ha habido un vac\u00edo en seguridad en la ciudad.<br>&nbsp;<br>Gerardo M\u00e1rquez Guevara, fiscal de Coahuila, subray\u00f3 que la unidad entre los \u00f3rdenes de Gobierno, que ha brindado paz y tranquilidad al municipio, La Laguna y el Estado, lejos de romperse, se est\u00e1 fortaleciendo.<br>&nbsp;<\/p>\n\n\n\n<p>\u201cLos esfuerzos policiales se est\u00e1n multiplicando para afrontar desde muchos \u00e1ngulos las actividades delincuenciales. Los resultados que hemos venido teniendo desde hace a\u00f1os, con los esfuerzos conjuntos de los tres niveles de Gobierno, con acciones operativas, jur\u00eddicas y de inteligencia, nos han permitido llegar a estos niveles de seguridad que nos mantienen en los primeros lugares a nivel nacional. Torre\u00f3n por ejemplo, tiene una reducci\u00f3n del 35 por ciento en tema de robos de alto impacto\u201d, se\u00f1al\u00f3 el Fiscal.<br>&nbsp;<br>Por su parte, H\u00e9ctor Flores Rodr\u00edguez, coincidi\u00f3 en que en Coahuila la f\u00f3rmula para mantener la seguridad es la coordinaci\u00f3n entre corporaciones, as\u00ed como entre sociedad y Gobierno.<br>&nbsp;<br>Adem\u00e1s, en la reuni\u00f3n se expuso a los integrantes de la mesa de seguridad, los acuerdos a los que se lleg\u00f3 el d\u00eda de ayer, en presencia de las corporaciones municipales, estatales, as\u00ed como de la Regi\u00f3n Militar, como es la puesta en marcha de cuatro acciones relacionadas a los operativos: revisi\u00f3n de horarios en bares y centros nocturnos, vigilancia para prevenir el huachicoleo, revisi\u00f3n de escoltas privadas y el combate contra el narcomenudeo.<br>&nbsp;<br>Por otro lado, referente al \u00edndice semanal de incidencia delictiva, el comisario C\u00e9sar Antonio Perales Esparza, director de la Polic\u00eda Municipal, inform\u00f3 que en la semana del 18 al 24 de septiembre de 2024, disminuy\u00f3 el \u00edndice delictivo en el rubro de robo a veh\u00edculo sin violencia, con dos eventos; el robo a persona con violencia, con un evento; y el robo en transporte p\u00fablico individual, con cero eventos.<br>&nbsp;<br>La Polic\u00eda Municipal efectu\u00f3 73 detenciones que fueron remitidas al Ministerio P\u00fablico y 74 al Juez Calificador.<br>&nbsp;<br>El Grupo de Reacci\u00f3n Torre\u00f3n realiz\u00f3 siete detenciones, relacionadas con la posesi\u00f3n de narc\u00f3ticos.<br>&nbsp;<br>Luis Alberto Morales Cort\u00e9s, director de Vialidad y Movilidad Urbana, inform\u00f3 que contin\u00faa el programa de capacitaci\u00f3n a empresas en materia de Seguridad Vial, en la semana atendieron a personal de Toyota Boshoku.<br>&nbsp;<br>Martha Esther Rodr\u00edguez Romero, presidenta del Tribunal de Justicia Municipal, dio a conocer que durante la semana se atendieron 72 tamizajes, de los cuales se hacen diversas canalizaciones a las diferentes asociaciones con las que se tiene convenio.<br>&nbsp;<br>Jorge Luis Ju\u00e1rez Llanas, director de Protecci\u00f3n Civil y Bomberos de Torre\u00f3n, mencion\u00f3 que atendieron 163 servicios de emergencia, encabezados por incendio en lotes bald\u00edos.<br>&nbsp;<br>Ra\u00fal Gerardo Rodr\u00edguez Garc\u00eda, director de Inspecci\u00f3n y Verificaci\u00f3n, inform\u00f3 que los principales reportes que recibi\u00f3 la dependencia mediante el sistema 073 fueron por condiciones inadecuadas, siete; y obstrucci\u00f3n en la v\u00eda p\u00fablica, con 12.<\/p>\n","protected":false},"excerpt":{"rendered":"<p>Torre\u00f3n, Coahuila. A 27 de septiembre de 2024. Durante la trig\u00e9sima octava reuni\u00f3n semanal de seguridad, el alcalde Rom\u00e1n Alberto Cepeda Gonz\u00e1lez reforz\u00f3 los acuerdos tomados ayer jueves con el gobernador Manolo Jim\u00e9nez Salinas, para mantener el orden, la paz social y garantizar la protecci\u00f3n de la ciudadan\u00eda, y reiter\u00f3 la coordinaci\u00f3n con las dependencias [&hellip;]<\/p>\n","protected":false},"author":1,"featured_media":10289,"comment_status":"open","ping_status":"open","sticky":false,"template":"","format":"standard","meta":{"_monsterinsights_skip_tracking":false,"_monsterinsights_sitenote_active":false,"_monsterinsights_sitenote_note":"","_monsterinsights_sitenote_category":0,"footnotes":""},"categories":[1],"tags":[],"_links":{"self":[{"href":"https:\/\/zonalimitrofe-cbnr.com\/index.php\/wp-json\/wp\/v2\/posts\/10288"}],"collection":[{"href":"https:\/\/zonalimitrofe-cbnr.com\/index.php\/wp-json\/wp\/v2\/posts"}],"about":[{"href":"https:\/\/zonalimitrofe-cbnr.com\/index.php\/wp-json\/wp\/v2\/types\/post"}],"author":[{"embeddable":true,"href":"https:\/\/zonalimitrofe-cbnr.com\/index.php\/wp-json\/wp\/v2\/users\/1"}],"replies":[{"embeddable":true,"href":"https:\/\/zonalimitrofe-cbnr.com\/index.php\/wp-json\/wp\/v2\/comments?post=10288"}],"version-history":[{"count":1,"href":"https:\/\/zonalimitrofe-cbnr.com\/index.php\/wp-json\/wp\/v2\/posts\/10288\/revisions"}],"predecessor-version":[{"id":10290,"href":"https:\/\/zonalimitrofe-cbnr.com\/index.php\/wp-json\/wp\/v2\/posts\/10288\/revisions\/10290"}],"wp:featuredmedia":[{"embeddable":true,"href":"https:\/\/zonalimitrofe-cbnr.com\/index.php\/wp-json\/wp\/v2\/media\/10289"}],"wp:attachment":[{"href":"https:\/\/zonalimitrofe-cbnr.com\/index.php\/wp-json\/wp\/v2\/media?parent=10288"}],"wp:term":[{"taxonomy":"category","embeddable":true,"href":"https:\/\/zonalimitrofe-cbnr.com\/index.php\/wp-json\/wp\/v2\/categories?post=10288"},{"taxonomy":"post_tag","embeddable":true,"href":"https:\/\/zonalimitrofe-cbnr.com\/index.php\/wp-json\/wp\/v2\/tags?post=10288"}],"curies":[{"name":"wp","href":"https:\/\/api.w.org\/{rel}","templated":true}]}}